{"id":4621,"date":"2023-05-01T16:41:55","date_gmt":"2023-05-01T14:41:55","guid":{"rendered":"https:\/\/www.faonline.it\/\/brera\/"},"modified":"2023-10-11T10:34:45","modified_gmt":"2023-10-11T08:34:45","slug":"brera","status":"publish","type":"post","link":"https:\/\/www.faonline.it\/de\/brera\/","title":{"rendered":"Brera"},"content":{"rendered":"\n<section id=\"gm762f5d1\" class=\"wp-block-gutentor-m3 alignfull section-gm762f5d1 gutentor-module gutentor-container-cover has-color-bg has-custom-bg margine-standard margine-top-hero-section\"><div class=\"grid-container gutentor-rm-ct-space-d\">\n<div class=\"wp-block-columns alignwide are-vertically-aligned-center margine-top-hero-section-azienda auto-margine is-layout-flex wp-container-core-columns-is-layout-8f761849 wp-block-columns-is-layout-flex\">\n<div class=\"wp-block-column is-vertically-aligned-center is-layout-flow wp-block-column-is-layout-flow\">\n<div style=\"height:250px\" aria-hidden=\"true\" class=\"wp-block-spacer spazio-vuoto-news-mobile\"><\/div>\n\n\n\n<div class=\"wp-block-getwid-icon-box button-back has-icon-left has-text-center\"><div style=\"margin-top:20px\" class=\"wp-block-getwid-icon-box__icon-container is-position-middle\"><a href=\"https:\/\/www.faonline.it\/\/de\/news\/\" rel=\"\" class=\"wp-block-getwid-icon-box__icon-wrapper has-text-color\" style=\"font-size:30px;color:#6d6d6d\"><i class=\"far fa-arrow-alt-circle-left\"><\/i><\/a><\/div><div class=\"wp-block-getwid-icon-box__content\">\n<h3 class=\"wp-block-heading has-text-color\" style=\"color:#6d6d6d\">Zur\u00fcck<\/h3>\n<\/div><\/div>\n\n\n\n<section id=\"gm763c32d\" class=\"wp-block-gutentor-m4 section-gm763c32d gutentor-module gutentor-advanced-columns\"><div class=\"grid-container\"><div class=\"grid-row\">\n<div id=\"col-gm5339a8\" class=\"wp-block-gutentor-m4-col col-gm5339a8 gutentor-single-column  grid-lg-6 grid-md-12 grid-12\"><div id=\"section-gm5339a8\" class=\"section-gm5339a8 gutentor-col-wrap\"><h2 style=\"color:#6d6d6d;font-size:54px\" class=\"wp-block-post-title has-text-color\">Brera<\/h2><\/div><\/div>\n\n\n\n<div id=\"col-gma53b2b\" class=\"wp-block-gutentor-m4-col col-gma53b2b gutentor-single-column  grid-lg-6 grid-md-12 grid-12\"><div id=\"section-gma53b2b\" class=\"section-gma53b2b gutentor-col-wrap\"><div style=\"color:#adadad;font-size:30px\" class=\"has-text-align-right format-testo-normale testo-data-news-mobile wp-block-post-date has-text-color\"><time datetime=\"2023-05-01T16:41:55+02:00\">1. Mai 2023<\/time><\/div><\/div><\/div>\n<\/div><\/div><\/section>\n\n\n\n<section id=\"gmd33eb48\" class=\"wp-block-gutentor-m4 section-gmd33eb48 gutentor-module gutentor-advanced-columns gutentor-equal-column-height\"><div class=\"grid-container\"><div class=\"grid-row\">\n<div id=\"col-gm6c1d32\" class=\"wp-block-gutentor-m4-col col-gm6c1d32 gutentor-single-column  grid-lg-12 grid-md-12 grid-12 margine-standard\"><div id=\"section-gm6c1d32\" class=\"section-gm6c1d32 gutentor-col-wrap\">\n<figure class=\"wp-block-image alignfull size-large margine-standard\"><img loading=\"lazy\" decoding=\"async\" width=\"1024\" height=\"416\" src=\"https:\/\/www.faonline.it\/\/wp-content\/uploads\/2023\/10\/Brera-interno-pagina-1024x416.jpg\" alt=\"\" class=\"wp-image-2638\" srcset=\"https:\/\/www.faonline.it\/wp-content\/uploads\/2023\/10\/Brera-interno-pagina-1024x416.jpg 1024w, https:\/\/www.faonline.it\/wp-content\/uploads\/2023\/10\/Brera-interno-pagina-300x122.jpg 300w, https:\/\/www.faonline.it\/wp-content\/uploads\/2023\/10\/Brera-interno-pagina-768x312.jpg 768w, https:\/\/www.faonline.it\/wp-content\/uploads\/2023\/10\/Brera-interno-pagina-540x220.jpg 540w, https:\/\/www.faonline.it\/wp-content\/uploads\/2023\/10\/Brera-interno-pagina-1080x439.jpg 1080w, https:\/\/www.faonline.it\/wp-content\/uploads\/2023\/10\/Brera-interno-pagina.jpg 1200w\" sizes=\"auto, (max-width: 1024px) 100vw, 1024px\" \/><\/figure>\n<\/div><\/div>\n<\/div><\/div><\/section>\n<\/div>\n<\/div>\n\n\n\n<div class=\"wp-block-columns are-vertically-aligned-center has-buttons-text-background-color has-background is-layout-flex wp-container-core-columns-is-layout-8f761849 wp-block-columns-is-layout-flex\">\n<div class=\"wp-block-column is-vertically-aligned-center is-layout-flow wp-block-column-is-layout-flow\">\n<section id=\"gm0a7d7f0\" class=\"wp-block-gutentor-m4 section-gm0a7d7f0 gutentor-module gutentor-advanced-columns\"><div class=\"grid-container\"><div class=\"grid-row\">\n<div id=\"col-gm40ed02\" class=\"wp-block-gutentor-m4-col col-gm40ed02 gutentor-single-column  grid-lg-12 grid-md-12 grid-12\"><div id=\"section-gm40ed02\" class=\"section-gm40ed02 gutentor-col-wrap\">\n<p class=\"has-text-align-left has-text-color wp-block-paragraph\" style=\"color:#1d1d1b;font-size:25px;font-style:normal;font-weight:300\">Falegnameria Adriatica k\u00fcndigt seine neue Badm\u00f6belkollektion genannt Brera an. <br>Diese Kollektion ist eine Kombination aus \u00e4sthetischer Raffinesse und Funktionalit\u00e4t.<\/p>\n\n\n\n<p class=\"has-text-align-left font-mobile-piccolo has-text-color wp-block-paragraph\" style=\"color:#6d6d6d;font-size:20px;font-style:normal;font-weight:300\">Die neue Brera-Kollektion zeichnet sich durch den charakteristischen Waschtischplatte aus, das mit seinen 4 Ausf\u00fchrungen und 4 Gr\u00f6\u00dfen jedem Bedarf gerecht wird. Diese L\u00f6sungen werden durch eine breite Palette an Zubeh\u00f6r unterst\u00fctzt, die sich dank der 6 verf\u00fcgbaren Ausf\u00fchrungen perfekt kombinieren lassen.<\/p>\n\n\n\n<p class=\"has-text-align-left has-text-color wp-block-paragraph\" style=\"color:#1d1d1b;font-size:25px;font-style:normal;font-weight:300\"><em>Die Brera-Kollektion bietet eine breite Palette an L\u00f6sungen f\u00fcr Waschtischplatten und Einbauplatten mit verschiedenen Farben f\u00fcr Keramikplatten. Die Waschtischplatten k\u00f6nnen direkt bei der Installation gebohrt werden, sodass jede Art von Platte montiert werden kann und so f\u00fcr jeden Bedarf die freie Wahl bleibt.<\/em><\/p>\n\n\n\n<p class=\"has-text-align-left font-mobile-piccolo has-text-color wp-block-paragraph\" style=\"color:#6d6d6d;font-size:20px;font-style:normal;font-weight:300\">Der Handtuchhalter, der auf der Waschtischplatte installiert werden kann, macht eine Kollektion komplett und originell, die perfekt in den modernen und raffinierten Standard passt.<br>Besuchen Sie unsere Website, um alle Details und verf\u00fcgbaren Optionen f\u00fcr die neue Brera-Kollektion zu entdecken. <br>Machen Sie Ihr Badezimmer zu einer praktischen und funktionalen Umgebung mit der neuen Brera-Kollektion von Falegnameria Adriatica.<\/p>\n<\/div><\/div>\n<\/div><\/div><\/section>\n<\/div>\n<\/div>\n<\/div><\/section>\n\n\n\n<section id=\"gm1247b0c\" class=\"wp-block-gutentor-m3 alignfull section-gm1247b0c gutentor-module gutentor-container-cover has-color-bg has-custom-bg\"><div class=\"grid-container gutentor-rm-ct-space-d\">\n<div class=\"wp-block-columns margine-standard has-background is-layout-flex wp-container-core-columns-is-layout-8f761849 wp-block-columns-is-layout-flex\" style=\"background-color:#e5e5e5\">\n<div class=\"wp-block-column is-layout-flow wp-block-column-is-layout-flow\">\n<section id=\"gm4d2830d\" class=\"wp-block-gutentor-m4 section-gm4d2830d gutentor-module gutentor-advanced-columns\"><div class=\"grid-container\"><div class=\"grid-row\">\n<div id=\"col-gm40ed84\" class=\"wp-block-gutentor-m4-col col-gm40ed84 gutentor-single-column  grid-lg-12 grid-md-12 grid-12\"><div id=\"section-gm40ed84\" class=\"section-gm40ed84 gutentor-col-wrap\">\n<h2 class=\"wp-block-heading has-text-align-center has-text-color\" style=\"color:#6d6d6d;font-size:25px\">Die neusten News<\/h2>\n\n\n<section class=\"gutentor-post-module section-895b02cd-b627-426e-abd4-d939f7cc2388 gutentor-post-module-p1 gutentor_p1_template1 wp-block-gutentor-p1 gutentor-blog-grid\" id=\"\" data-gbid=\"895b02cd-b627-426e-abd4-d939f7cc2388\" >\n<div class='grid-container'><div class='grid-row' ><article class='gutentor-post  grid-lg-4 grid-md-4 grid-12'><div class='gutentor-post-item'><div class='gutentor-post-image-box'><div class=\"gutentor-image-thumb\"><img loading=\"lazy\" decoding=\"async\" width=\"900\" height=\"765\" src=\"https:\/\/www.faonline.it\/wp-content\/uploads\/2026\/06\/News-salone-copertina.jpg\" class=\"attachment-full size-full wp-post-image\" alt=\"\" srcset=\"https:\/\/www.faonline.it\/wp-content\/uploads\/2026\/06\/News-salone-copertina.jpg 900w, https:\/\/www.faonline.it\/wp-content\/uploads\/2026\/06\/News-salone-copertina-300x255.jpg 300w, https:\/\/www.faonline.it\/wp-content\/uploads\/2026\/06\/News-salone-copertina-768x653.jpg 768w, https:\/\/www.faonline.it\/wp-content\/uploads\/2026\/06\/News-salone-copertina-540x459.jpg 540w\" sizes=\"auto, (max-width: 900px) 100vw, 900px\" \/><\/div><\/div><div class=\"gutentor-post-title-data-wrap\"><h3 class=\"gutentor-post-title\"><a href=\"https:\/\/www.faonline.it\/de\/salone-del-mobile-2026\/\" rel=\"bookmark\">Salone del Mobile 2026<\/a><\/h3><\/div><div class=\"gutentor-entry-meta gutentor-entry-meta-primary\"><div class=\"author vcard\"><i class=\"far fa-user\"><\/i><a href=\"https:\/\/www.faonline.it\/de\/salone-del-mobile-2026\/\" rel=\"bookmark\">Pierpaolo<\/a><\/div><div class=\"posted-on\"><i class=\"far fa-calendar-alt\"><\/i><a href=\"https:\/\/www.faonline.it\/de\/salone-del-mobile-2026\/\" rel=\"bookmark\">4. Juni 2026<\/a><\/div><div class=\"gutentor-meta-categories\"><i class=\"fas fa-tags\"><\/i><a href=\"https:\/\/www.faonline.it\/de\/category\/fiere-de\/\" rel=\"category tag\">Exhibitionen<\/a><\/div><\/div><div class=\"gutentor-post-desc\">Wir haben die neuen Onsen-Kollektionen auf dem Salone del Mobile Milano 2026 erstmals pr\u00e4sentiert&hellip;<\/div><a class=\"gutentor-button gutentor-post-button gutentor-icon-after\"  href=\"https:\/\/www.faonline.it\/de\/salone-del-mobile-2026\/\" href=\"https:\/\/www.faonline.it\/de\/salone-del-mobile-2026\/\"><i class=\"gutentor-button-icon far fa-arrow-alt-circle-right\" ><\/i><span>Lesen Sie weiter<\/span><\/a><\/div><\/article><article class='gutentor-post  grid-lg-4 grid-md-4 grid-12'><div class='gutentor-post-item'><div class='gutentor-post-image-box'><div class=\"gutentor-image-thumb\"><img loading=\"lazy\" decoding=\"async\" width=\"900\" height=\"765\" src=\"https:\/\/www.faonline.it\/wp-content\/uploads\/2026\/06\/News-big5-2025-copertina.jpg\" class=\"attachment-full size-full wp-post-image\" alt=\"\" srcset=\"https:\/\/www.faonline.it\/wp-content\/uploads\/2026\/06\/News-big5-2025-copertina.jpg 900w, https:\/\/www.faonline.it\/wp-content\/uploads\/2026\/06\/News-big5-2025-copertina-300x255.jpg 300w, https:\/\/www.faonline.it\/wp-content\/uploads\/2026\/06\/News-big5-2025-copertina-768x653.jpg 768w, https:\/\/www.faonline.it\/wp-content\/uploads\/2026\/06\/News-big5-2025-copertina-540x459.jpg 540w\" sizes=\"auto, (max-width: 900px) 100vw, 900px\" \/><\/div><\/div><div class=\"gutentor-post-title-data-wrap\"><h3 class=\"gutentor-post-title\"><a href=\"https:\/\/www.faonline.it\/de\/big-5-global-2025\/\" rel=\"bookmark\">Big 5 Global 2025<\/a><\/h3><\/div><div class=\"gutentor-entry-meta gutentor-entry-meta-primary\"><div class=\"author vcard\"><i class=\"far fa-user\"><\/i><a href=\"https:\/\/www.faonline.it\/de\/big-5-global-2025\/\" rel=\"bookmark\">Pierpaolo<\/a><\/div><div class=\"posted-on\"><i class=\"far fa-calendar-alt\"><\/i><a href=\"https:\/\/www.faonline.it\/de\/big-5-global-2025\/\" rel=\"bookmark\">4. Juni 2026<\/a><\/div><div class=\"gutentor-meta-categories\"><i class=\"fas fa-tags\"><\/i><a href=\"https:\/\/www.faonline.it\/de\/category\/fiere-de\/\" rel=\"category tag\">Exhibitionen<\/a><\/div><\/div><div class=\"gutentor-post-desc\">Wir haben an der Big 5 Dubai 2025 teilgenommen und dabei die neuen Onsen-Kollektionen pr\u00e4sentiert.&hellip;<\/div><a class=\"gutentor-button gutentor-post-button gutentor-icon-after\"  href=\"https:\/\/www.faonline.it\/de\/big-5-global-2025\/\" href=\"https:\/\/www.faonline.it\/de\/big-5-global-2025\/\"><i class=\"gutentor-button-icon far fa-arrow-alt-circle-right\" ><\/i><span>Lesen Sie weiter<\/span><\/a><\/div><\/article><article class='gutentor-post  grid-lg-4 grid-md-4 grid-12'><div class='gutentor-post-item'><div class='gutentor-post-image-box'><div class=\"gutentor-image-thumb\"><img loading=\"lazy\" decoding=\"async\" width=\"900\" height=\"765\" src=\"https:\/\/www.faonline.it\/wp-content\/uploads\/2025\/01\/Volantino-ISH-2025-per-anteprima.jpg\" class=\"attachment-full size-full wp-post-image\" alt=\"\" srcset=\"https:\/\/www.faonline.it\/wp-content\/uploads\/2025\/01\/Volantino-ISH-2025-per-anteprima.jpg 900w, https:\/\/www.faonline.it\/wp-content\/uploads\/2025\/01\/Volantino-ISH-2025-per-anteprima-300x255.jpg 300w, https:\/\/www.faonline.it\/wp-content\/uploads\/2025\/01\/Volantino-ISH-2025-per-anteprima-768x653.jpg 768w, https:\/\/www.faonline.it\/wp-content\/uploads\/2025\/01\/Volantino-ISH-2025-per-anteprima-540x459.jpg 540w\" sizes=\"auto, (max-width: 900px) 100vw, 900px\" \/><\/div><\/div><div class=\"gutentor-post-title-data-wrap\"><h3 class=\"gutentor-post-title\"><a href=\"https:\/\/www.faonline.it\/de\/ish-2025\/\" rel=\"bookmark\">ISH 2025<\/a><\/h3><\/div><div class=\"gutentor-entry-meta gutentor-entry-meta-primary\"><div class=\"author vcard\"><i class=\"far fa-user\"><\/i><a href=\"https:\/\/www.faonline.it\/de\/ish-2025\/\" rel=\"bookmark\">Pierpaolo<\/a><\/div><div class=\"posted-on\"><i class=\"far fa-calendar-alt\"><\/i><a href=\"https:\/\/www.faonline.it\/de\/ish-2025\/\" rel=\"bookmark\">29. Januar 2025<\/a><\/div><div class=\"gutentor-meta-categories\"><i class=\"fas fa-tags\"><\/i><a href=\"https:\/\/www.faonline.it\/de\/category\/fiere-de\/\" rel=\"category tag\">Exhibitionen<\/a><\/div><\/div><div class=\"gutentor-post-desc\">Wir werden auf der ISH in Frankfurt am Main vom 17. bis 21. M\u00e4rz am Stand C57 Halle 5.1 mit neuen Ko&hellip;<\/div><a class=\"gutentor-button gutentor-post-button gutentor-icon-after\"  href=\"https:\/\/www.faonline.it\/de\/ish-2025\/\" href=\"https:\/\/www.faonline.it\/de\/ish-2025\/\"><i class=\"gutentor-button-icon far fa-arrow-alt-circle-right\" ><\/i><span>Lesen Sie weiter<\/span><\/a><\/div><\/article><\/div><\/div><\/section><\/div><\/div>\n<\/div><\/div><\/section>\n<\/div>\n<\/div>\n<\/div><\/section>\n","protected":false},"excerpt":{"rendered":"<p>Die neue Brera-Kollektion zeichnet sich durch Design und Anpassungsf\u00e4higkeit an jeden Bedarf aus<\/p>\n","protected":false},"author":1,"featured_media":4576,"comment_status":"closed","ping_status":"closed","sticky":false,"template":"","format":"standard","meta":{"footnotes":""},"categories":[41],"tags":[],"class_list":["post-4621","post","type-post","status-publish","format-standard","has-post-thumbnail","hentry","category-innovazione-de"],"gutentor_comment":0,"yoast_head":"<!-- This site is optimized with the Yoast SEO plugin v27.9 - https:\/\/yoast.com\/product\/yoast-seo-wordpress\/ -->\n<title>Brera - Falegnameria Adriatica<\/title>\n<meta name=\"robots\" content=\"index, follow, max-snippet:-1, max-image-preview:large, max-video-preview:-1\" \/>\n<link rel=\"canonical\" href=\"https:\/\/www.faonline.it\/\/de\/brera\/\" \/>\n<meta property=\"og:locale\" content=\"de_DE\" \/>\n<meta property=\"og:type\" content=\"article\" \/>\n<meta property=\"og:title\" content=\"Brera - Falegnameria Adriatica\" \/>\n<meta property=\"og:description\" content=\"Die neue Brera-Kollektion zeichnet sich durch Design und Anpassungsf\u00e4higkeit an jeden Bedarf aus\" \/>\n<meta property=\"og:url\" content=\"https:\/\/www.faonline.it\/\/de\/brera\/\" \/>\n<meta property=\"og:site_name\" content=\"Falegnameria Adriatica\" \/>\n<meta property=\"article:published_time\" content=\"2023-05-01T14:41:55+00:00\" \/>\n<meta property=\"article:modified_time\" content=\"2023-10-11T08:34:45+00:00\" \/>\n<meta property=\"og:image\" content=\"https:\/\/www.faonline.it\/\/wp-content\/uploads\/2023\/10\/Brera-immagine-in-evidenza.jpg\" \/>\n\t<meta property=\"og:image:width\" content=\"900\" \/>\n\t<meta property=\"og:image:height\" content=\"767\" \/>\n\t<meta property=\"og:image:type\" content=\"image\/jpeg\" \/>\n<meta name=\"author\" content=\"Onsen\" \/>\n<meta name=\"twitter:card\" content=\"summary_large_image\" \/>\n<meta name=\"twitter:label1\" content=\"Verfasst von\" \/>\n\t<meta name=\"twitter:data1\" content=\"Onsen\" \/>\n\t<meta name=\"twitter:label2\" content=\"Gesch\u00e4tzte Lesezeit\" \/>\n\t<meta name=\"twitter:data2\" content=\"2\u00a0Minuten\" \/>\n<script type=\"application\/ld+json\" class=\"yoast-schema-graph\">{\"@context\":\"https:\\\/\\\/schema.org\",\"@graph\":[{\"@type\":\"Article\",\"@id\":\"https:\\\/\\\/www.faonline.it\\\/\\\/de\\\/brera\\\/#article\",\"isPartOf\":{\"@id\":\"https:\\\/\\\/www.faonline.it\\\/\\\/de\\\/brera\\\/\"},\"author\":{\"name\":\"Onsen\",\"@id\":\"https:\\\/\\\/www.faonline.it\\\/#\\\/schema\\\/person\\\/401ade7a40b056e417eaa31fb421d80c\"},\"headline\":\"Brera\",\"datePublished\":\"2023-05-01T14:41:55+00:00\",\"dateModified\":\"2023-10-11T08:34:45+00:00\",\"mainEntityOfPage\":{\"@id\":\"https:\\\/\\\/www.faonline.it\\\/\\\/de\\\/brera\\\/\"},\"wordCount\":181,\"publisher\":{\"@id\":\"https:\\\/\\\/www.faonline.it\\\/#organization\"},\"image\":{\"@id\":\"https:\\\/\\\/www.faonline.it\\\/\\\/de\\\/brera\\\/#primaryimage\"},\"thumbnailUrl\":\"https:\\\/\\\/www.faonline.it\\\/wp-content\\\/uploads\\\/2023\\\/10\\\/Brera-immagine-in-evidenza.jpg\",\"articleSection\":[\"Innovationen\"],\"inLanguage\":\"de\"},{\"@type\":\"WebPage\",\"@id\":\"https:\\\/\\\/www.faonline.it\\\/\\\/de\\\/brera\\\/\",\"url\":\"https:\\\/\\\/www.faonline.it\\\/\\\/de\\\/brera\\\/\",\"name\":\"Brera - Falegnameria Adriatica\",\"isPartOf\":{\"@id\":\"https:\\\/\\\/www.faonline.it\\\/#website\"},\"primaryImageOfPage\":{\"@id\":\"https:\\\/\\\/www.faonline.it\\\/\\\/de\\\/brera\\\/#primaryimage\"},\"image\":{\"@id\":\"https:\\\/\\\/www.faonline.it\\\/\\\/de\\\/brera\\\/#primaryimage\"},\"thumbnailUrl\":\"https:\\\/\\\/www.faonline.it\\\/wp-content\\\/uploads\\\/2023\\\/10\\\/Brera-immagine-in-evidenza.jpg\",\"datePublished\":\"2023-05-01T14:41:55+00:00\",\"dateModified\":\"2023-10-11T08:34:45+00:00\",\"inLanguage\":\"de\",\"potentialAction\":[{\"@type\":\"ReadAction\",\"target\":[\"https:\\\/\\\/www.faonline.it\\\/\\\/de\\\/brera\\\/\"]}]},{\"@type\":\"ImageObject\",\"inLanguage\":\"de\",\"@id\":\"https:\\\/\\\/www.faonline.it\\\/\\\/de\\\/brera\\\/#primaryimage\",\"url\":\"https:\\\/\\\/www.faonline.it\\\/wp-content\\\/uploads\\\/2023\\\/10\\\/Brera-immagine-in-evidenza.jpg\",\"contentUrl\":\"https:\\\/\\\/www.faonline.it\\\/wp-content\\\/uploads\\\/2023\\\/10\\\/Brera-immagine-in-evidenza.jpg\",\"width\":900,\"height\":767},{\"@type\":\"WebSite\",\"@id\":\"https:\\\/\\\/www.faonline.it\\\/#website\",\"url\":\"https:\\\/\\\/www.faonline.it\\\/\",\"name\":\"Falegnameria Adriatica\",\"description\":\"Da 40 anni Falegnameria Adriatica \u00e8 protagonista nel realizzare mobili e complementi da bagno coniugando, come nella migliore tradizione italiana, funzionalit\u00e0 e design.\",\"publisher\":{\"@id\":\"https:\\\/\\\/www.faonline.it\\\/#organization\"},\"potentialAction\":[{\"@type\":\"SearchAction\",\"target\":{\"@type\":\"EntryPoint\",\"urlTemplate\":\"https:\\\/\\\/www.faonline.it\\\/?s={search_term_string}\"},\"query-input\":{\"@type\":\"PropertyValueSpecification\",\"valueRequired\":true,\"valueName\":\"search_term_string\"}}],\"inLanguage\":\"de\"},{\"@type\":\"Organization\",\"@id\":\"https:\\\/\\\/www.faonline.it\\\/#organization\",\"name\":\"Falegnameria Adriatica\",\"url\":\"https:\\\/\\\/www.faonline.it\\\/\",\"logo\":{\"@type\":\"ImageObject\",\"inLanguage\":\"de\",\"@id\":\"https:\\\/\\\/www.faonline.it\\\/#\\\/schema\\\/logo\\\/image\\\/\",\"url\":\"https:\\\/\\\/www.faonline.it\\\/wp-content\\\/uploads\\\/2023\\\/07\\\/falegnameria-adriatica.png\",\"contentUrl\":\"https:\\\/\\\/www.faonline.it\\\/wp-content\\\/uploads\\\/2023\\\/07\\\/falegnameria-adriatica.png\",\"width\":133,\"height\":111,\"caption\":\"Falegnameria Adriatica\"},\"image\":{\"@id\":\"https:\\\/\\\/www.faonline.it\\\/#\\\/schema\\\/logo\\\/image\\\/\"}},{\"@type\":\"Person\",\"@id\":\"https:\\\/\\\/www.faonline.it\\\/#\\\/schema\\\/person\\\/401ade7a40b056e417eaa31fb421d80c\",\"name\":\"Onsen\",\"image\":{\"@type\":\"ImageObject\",\"inLanguage\":\"de\",\"@id\":\"https:\\\/\\\/secure.gravatar.com\\\/avatar\\\/b64178a505ee49db26e82c40e763d53b12eb7eebb18c57da77ef7efb5417d95e?s=96&d=mm&r=g\",\"url\":\"https:\\\/\\\/secure.gravatar.com\\\/avatar\\\/b64178a505ee49db26e82c40e763d53b12eb7eebb18c57da77ef7efb5417d95e?s=96&d=mm&r=g\",\"contentUrl\":\"https:\\\/\\\/secure.gravatar.com\\\/avatar\\\/b64178a505ee49db26e82c40e763d53b12eb7eebb18c57da77ef7efb5417d95e?s=96&d=mm&r=g\",\"caption\":\"Onsen\"},\"sameAs\":[\"http:\\\/\\\/onsen.damcoagency.it\"],\"url\":\"https:\\\/\\\/www.faonline.it\\\/de\\\/author\\\/onsen\\\/\"}]}<\/script>\n<!-- \/ Yoast SEO plugin. -->","yoast_head_json":{"title":"Brera - Falegnameria Adriatica","robots":{"index":"index","follow":"follow","max-snippet":"max-snippet:-1","max-image-preview":"max-image-preview:large","max-video-preview":"max-video-preview:-1"},"canonical":"https:\/\/www.faonline.it\/\/de\/brera\/","og_locale":"de_DE","og_type":"article","og_title":"Brera - Falegnameria Adriatica","og_description":"Die neue Brera-Kollektion zeichnet sich durch Design und Anpassungsf\u00e4higkeit an jeden Bedarf aus","og_url":"https:\/\/www.faonline.it\/\/de\/brera\/","og_site_name":"Falegnameria Adriatica","article_published_time":"2023-05-01T14:41:55+00:00","article_modified_time":"2023-10-11T08:34:45+00:00","og_image":[{"width":900,"height":767,"url":"https:\/\/www.faonline.it\/\/wp-content\/uploads\/2023\/10\/Brera-immagine-in-evidenza.jpg","type":"image\/jpeg"}],"author":"Onsen","twitter_card":"summary_large_image","twitter_misc":{"Verfasst von":"Onsen","Gesch\u00e4tzte Lesezeit":"2\u00a0Minuten"},"schema":{"@context":"https:\/\/schema.org","@graph":[{"@type":"Article","@id":"https:\/\/www.faonline.it\/\/de\/brera\/#article","isPartOf":{"@id":"https:\/\/www.faonline.it\/\/de\/brera\/"},"author":{"name":"Onsen","@id":"https:\/\/www.faonline.it\/#\/schema\/person\/401ade7a40b056e417eaa31fb421d80c"},"headline":"Brera","datePublished":"2023-05-01T14:41:55+00:00","dateModified":"2023-10-11T08:34:45+00:00","mainEntityOfPage":{"@id":"https:\/\/www.faonline.it\/\/de\/brera\/"},"wordCount":181,"publisher":{"@id":"https:\/\/www.faonline.it\/#organization"},"image":{"@id":"https:\/\/www.faonline.it\/\/de\/brera\/#primaryimage"},"thumbnailUrl":"https:\/\/www.faonline.it\/wp-content\/uploads\/2023\/10\/Brera-immagine-in-evidenza.jpg","articleSection":["Innovationen"],"inLanguage":"de"},{"@type":"WebPage","@id":"https:\/\/www.faonline.it\/\/de\/brera\/","url":"https:\/\/www.faonline.it\/\/de\/brera\/","name":"Brera - Falegnameria Adriatica","isPartOf":{"@id":"https:\/\/www.faonline.it\/#website"},"primaryImageOfPage":{"@id":"https:\/\/www.faonline.it\/\/de\/brera\/#primaryimage"},"image":{"@id":"https:\/\/www.faonline.it\/\/de\/brera\/#primaryimage"},"thumbnailUrl":"https:\/\/www.faonline.it\/wp-content\/uploads\/2023\/10\/Brera-immagine-in-evidenza.jpg","datePublished":"2023-05-01T14:41:55+00:00","dateModified":"2023-10-11T08:34:45+00:00","inLanguage":"de","potentialAction":[{"@type":"ReadAction","target":["https:\/\/www.faonline.it\/\/de\/brera\/"]}]},{"@type":"ImageObject","inLanguage":"de","@id":"https:\/\/www.faonline.it\/\/de\/brera\/#primaryimage","url":"https:\/\/www.faonline.it\/wp-content\/uploads\/2023\/10\/Brera-immagine-in-evidenza.jpg","contentUrl":"https:\/\/www.faonline.it\/wp-content\/uploads\/2023\/10\/Brera-immagine-in-evidenza.jpg","width":900,"height":767},{"@type":"WebSite","@id":"https:\/\/www.faonline.it\/#website","url":"https:\/\/www.faonline.it\/","name":"Falegnameria Adriatica","description":"Da 40 anni Falegnameria Adriatica \u00e8 protagonista nel realizzare mobili e complementi da bagno coniugando, come nella migliore tradizione italiana, funzionalit\u00e0 e design.","publisher":{"@id":"https:\/\/www.faonline.it\/#organization"},"potentialAction":[{"@type":"SearchAction","target":{"@type":"EntryPoint","urlTemplate":"https:\/\/www.faonline.it\/?s={search_term_string}"},"query-input":{"@type":"PropertyValueSpecification","valueRequired":true,"valueName":"search_term_string"}}],"inLanguage":"de"},{"@type":"Organization","@id":"https:\/\/www.faonline.it\/#organization","name":"Falegnameria Adriatica","url":"https:\/\/www.faonline.it\/","logo":{"@type":"ImageObject","inLanguage":"de","@id":"https:\/\/www.faonline.it\/#\/schema\/logo\/image\/","url":"https:\/\/www.faonline.it\/wp-content\/uploads\/2023\/07\/falegnameria-adriatica.png","contentUrl":"https:\/\/www.faonline.it\/wp-content\/uploads\/2023\/07\/falegnameria-adriatica.png","width":133,"height":111,"caption":"Falegnameria Adriatica"},"image":{"@id":"https:\/\/www.faonline.it\/#\/schema\/logo\/image\/"}},{"@type":"Person","@id":"https:\/\/www.faonline.it\/#\/schema\/person\/401ade7a40b056e417eaa31fb421d80c","name":"Onsen","image":{"@type":"ImageObject","inLanguage":"de","@id":"https:\/\/secure.gravatar.com\/avatar\/b64178a505ee49db26e82c40e763d53b12eb7eebb18c57da77ef7efb5417d95e?s=96&d=mm&r=g","url":"https:\/\/secure.gravatar.com\/avatar\/b64178a505ee49db26e82c40e763d53b12eb7eebb18c57da77ef7efb5417d95e?s=96&d=mm&r=g","contentUrl":"https:\/\/secure.gravatar.com\/avatar\/b64178a505ee49db26e82c40e763d53b12eb7eebb18c57da77ef7efb5417d95e?s=96&d=mm&r=g","caption":"Onsen"},"sameAs":["http:\/\/onsen.damcoagency.it"],"url":"https:\/\/www.faonline.it\/de\/author\/onsen\/"}]}},"featured_image_src":"https:\/\/www.faonline.it\/wp-content\/uploads\/2023\/10\/Brera-immagine-in-evidenza.jpg","featured_image_src_square":"https:\/\/www.faonline.it\/wp-content\/uploads\/2023\/10\/Brera-immagine-in-evidenza.jpg","author_info":{"display_name":"Onsen","author_link":"https:\/\/www.faonline.it\/de\/author\/onsen\/"},"rbea_author_info":{"display_name":"Onsen","author_link":"https:\/\/www.faonline.it\/de\/author\/onsen\/"},"rbea_excerpt_info":"Die neue Brera-Kollektion zeichnet sich durch Design und Anpassungsf\u00e4higkeit an jeden Bedarf aus","category_list":"<a href=\"https:\/\/www.faonline.it\/de\/category\/innovazione-de\/\" rel=\"category tag\">Innovationen<\/a>","comments_num":"0 comments","_links":{"self":[{"href":"https:\/\/www.faonline.it\/de\/wp-json\/wp\/v2\/posts\/4621","targetHints":{"allow":["GET"]}}],"collection":[{"href":"https:\/\/www.faonline.it\/de\/wp-json\/wp\/v2\/posts"}],"about":[{"href":"https:\/\/www.faonline.it\/de\/wp-json\/wp\/v2\/types\/post"}],"author":[{"embeddable":true,"href":"https:\/\/www.faonline.it\/de\/wp-json\/wp\/v2\/users\/1"}],"replies":[{"embeddable":true,"href":"https:\/\/www.faonline.it\/de\/wp-json\/wp\/v2\/comments?post=4621"}],"version-history":[{"count":8,"href":"https:\/\/www.faonline.it\/de\/wp-json\/wp\/v2\/posts\/4621\/revisions"}],"predecessor-version":[{"id":5031,"href":"https:\/\/www.faonline.it\/de\/wp-json\/wp\/v2\/posts\/4621\/revisions\/5031"}],"wp:featuredmedia":[{"embeddable":true,"href":"https:\/\/www.faonline.it\/de\/wp-json\/wp\/v2\/media\/4576"}],"wp:attachment":[{"href":"https:\/\/www.faonline.it\/de\/wp-json\/wp\/v2\/media?parent=4621"}],"wp:term":[{"taxonomy":"category","embeddable":true,"href":"https:\/\/www.faonline.it\/de\/wp-json\/wp\/v2\/categories?post=4621"},{"taxonomy":"post_tag","embeddable":true,"href":"https:\/\/www.faonline.it\/de\/wp-json\/wp\/v2\/tags?post=4621"}],"curies":[{"name":"wp","href":"https:\/\/api.w.org\/{rel}","templated":true}]}}