{"id":4642,"date":"2023-02-10T15:59:27","date_gmt":"2023-02-10T14:59:27","guid":{"rendered":"https:\/\/www.faonline.it\/\/nuovo-macchinario-sezionatrice\/"},"modified":"2023-10-11T10:35:58","modified_gmt":"2023-10-11T08:35:58","slug":"nuovo-macchinario-sezionatrice","status":"publish","type":"post","link":"https:\/\/www.faonline.it\/de\/nuovo-macchinario-sezionatrice\/","title":{"rendered":"Neue Plattens\u00e4ge"},"content":{"rendered":"\n<section id=\"gm4752bff\" class=\"wp-block-gutentor-m3 alignfull section-gm4752bff gutentor-module gutentor-container-cover has-color-bg has-custom-bg margine-standard margine-top-hero-section\"><div class=\"grid-container gutentor-rm-ct-space-d\">\n<div class=\"wp-block-columns alignwide are-vertically-aligned-center margine-top-hero-section-azienda auto-margine is-layout-flex wp-container-core-columns-is-layout-8f761849 wp-block-columns-is-layout-flex\">\n<div class=\"wp-block-column is-vertically-aligned-center is-layout-flow wp-block-column-is-layout-flow\">\n<div style=\"height:250px\" aria-hidden=\"true\" class=\"wp-block-spacer spazio-vuoto-news-mobile\"><\/div>\n\n\n\n<div class=\"wp-block-getwid-icon-box button-back has-icon-left has-text-center\"><div style=\"margin-top:20px\" class=\"wp-block-getwid-icon-box__icon-container is-position-middle\"><a href=\"https:\/\/www.faonline.it\/\/de\/news\/\" rel=\"\" class=\"wp-block-getwid-icon-box__icon-wrapper has-text-color\" style=\"font-size:30px;color:#6d6d6d\"><i class=\"far fa-arrow-alt-circle-left\"><\/i><\/a><\/div><div class=\"wp-block-getwid-icon-box__content\">\n<h3 class=\"wp-block-heading has-text-color\" style=\"color:#6d6d6d\">Zur\u00fcck<\/h3>\n<\/div><\/div>\n\n\n\n<section id=\"gmcf65a30\" class=\"wp-block-gutentor-m4 section-gmcf65a30 gutentor-module gutentor-advanced-columns\"><div class=\"grid-container\"><div class=\"grid-row\">\n<div id=\"col-gmbe2eb4\" class=\"wp-block-gutentor-m4-col col-gmbe2eb4 gutentor-single-column  grid-lg-6 grid-md-12 grid-12\"><div id=\"section-gmbe2eb4\" class=\"section-gmbe2eb4 gutentor-col-wrap\"><h2 style=\"color:#6d6d6d;font-size:54px\" class=\"wp-block-post-title has-text-color\">Neue Plattens\u00e4ge<\/h2><\/div><\/div>\n\n\n\n<div id=\"col-gm75d949\" class=\"wp-block-gutentor-m4-col col-gm75d949 gutentor-single-column  grid-lg-6 grid-md-12 grid-12\"><div id=\"section-gm75d949\" class=\"section-gm75d949 gutentor-col-wrap\"><div style=\"color:#adadad;font-size:30px\" class=\"has-text-align-right format-testo-normale testo-data-news-mobile wp-block-post-date has-text-color\"><time datetime=\"2023-02-10T15:59:27+01:00\">10. Februar 2023<\/time><\/div><\/div><\/div>\n<\/div><\/div><\/section>\n\n\n\n<section id=\"gmb0fbbdc\" class=\"wp-block-gutentor-m4 section-gmb0fbbdc gutentor-module gutentor-advanced-columns gutentor-equal-column-height\"><div class=\"grid-container\"><div class=\"grid-row\">\n<div id=\"col-gm6fc62c\" class=\"wp-block-gutentor-m4-col col-gm6fc62c gutentor-single-column  grid-lg-12 grid-md-12 grid-12 margine-standard\"><div id=\"section-gm6fc62c\" class=\"section-gm6fc62c gutentor-col-wrap\">\n<figure class=\"wp-block-image alignfull size-full margine-standard\"><img loading=\"lazy\" decoding=\"async\" width=\"966\" height=\"534\" src=\"https:\/\/www.faonline.it\/\/wp-content\/uploads\/2023\/05\/sezionatrice-banner.jpg\" alt=\"\" class=\"wp-image-1304\" srcset=\"https:\/\/www.faonline.it\/wp-content\/uploads\/2023\/05\/sezionatrice-banner.jpg 966w, https:\/\/www.faonline.it\/wp-content\/uploads\/2023\/05\/sezionatrice-banner-300x166.jpg 300w, https:\/\/www.faonline.it\/wp-content\/uploads\/2023\/05\/sezionatrice-banner-768x425.jpg 768w, https:\/\/www.faonline.it\/wp-content\/uploads\/2023\/05\/sezionatrice-banner-540x299.jpg 540w\" sizes=\"auto, (max-width: 966px) 100vw, 966px\" \/><\/figure>\n<\/div><\/div>\n<\/div><\/div><\/section>\n<\/div>\n<\/div>\n\n\n\n<div class=\"wp-block-columns are-vertically-aligned-center has-buttons-text-background-color has-background is-layout-flex wp-container-core-columns-is-layout-8f761849 wp-block-columns-is-layout-flex\">\n<div class=\"wp-block-column is-vertically-aligned-center is-layout-flow wp-block-column-is-layout-flow\">\n<section id=\"gm664b917\" class=\"wp-block-gutentor-m4 section-gm664b917 gutentor-module gutentor-advanced-columns\"><div class=\"grid-container\"><div class=\"grid-row\">\n<div id=\"col-gm677bcc\" class=\"wp-block-gutentor-m4-col col-gm677bcc gutentor-single-column  grid-lg-12 grid-md-12 grid-12\"><div id=\"section-gm677bcc\" class=\"section-gm677bcc gutentor-col-wrap\">\n<p class=\"has-text-align-left has-text-color wp-block-paragraph\" style=\"color:#1d1d1b;font-size:25px;font-style:normal;font-weight:300\">Falegnameria Adriatica pr\u00e4sentiert die neue Winkelplattens\u00e4ge SCM Industry 4.0<\/p>\n\n\n\n<p class=\"has-text-align-left font-mobile-piccolo has-text-color wp-block-paragraph\" style=\"color:#6d6d6d;font-size:20px;font-style:normal;font-weight:300\">Falegnameria Adriatica freut sich, seine neueste Innovation im Bereich der Holzbearbeitung vorzustellen: die neue Winkelplattens\u00e4ge SCM Industry 4.0. Dank dieser hochmodernen Maschine kann Falegnameria Adriatica ein noch h\u00f6heres Ma\u00df an Pr\u00e4zision und Qualit\u00e4t bei seinen Produkten bieten.<\/p>\n\n\n\n<p class=\"has-text-align-left has-text-color wp-block-paragraph\" style=\"color:#1d1d1b;font-size:25px;font-style:normal;font-weight:300\"><em>Die Winkelplattens\u00e4ge SCM Industry 4.0 ist mit einem numerischen Steuerungssystem (CNC) ausgestattet, mit dem alle Bearbeitungsphasen pr\u00e4zise und schnell gesteuert werden k\u00f6nnen. Diese Maschinen der neuesten Generation k\u00f6nnen Winkelschnitte und Profilierungen an Materialien unterschiedlicher Gr\u00f6\u00dfe und Breite mit hoher Effizienz und h\u00f6herer Produktivit\u00e4t durchf\u00fchren<\/em>.<\/p>\n\n\n\n<p class=\"has-text-align-left font-mobile-piccolo has-text-color wp-block-paragraph\" style=\"color:#6d6d6d;font-size:20px;font-style:normal;font-weight:300\">Dank ihrer fortschrittlichen Technologie erm\u00f6glicht die Winkelplattens\u00e4ge SCM Industry 4.0 die Herstellung hochwertiger, ma\u00dfgeschneiderter Teile und garantiert eine hervorragende Wiederholbarkeit der Schnitte und eine gr\u00f6\u00dfere Flexibilit\u00e4t in der Produktion.<br>Dadurch kann Falegnameria Adriatica die Bed\u00fcrfnisse ihrer Kunden besser erf\u00fcllen und personalisierte und qualitativ hochwertige Produkte anbieten.<br>Falegnameria Adriatica ist stets auf der Suche nach innovativen L\u00f6sungen zur Verbesserung ihrer Produkte und ihrer Produktionseffizienz. Die neue Winkelplattens\u00e4ge SCM Industry 4.0 ist der Beweis f\u00fcr dieses st\u00e4ndige Engagement, das sich in immer besseren Produkten f\u00fcr unsere Kunden niederschl\u00e4gt.<\/p>\n\n\n\n<p class=\"has-text-align-left has-text-color wp-block-paragraph\" style=\"color:#1d1d1b;font-size:25px;font-style:normal;font-weight:300\"><em>Zusammenfassend stellt die neue Winkelplattens\u00e4ge SCM Industry 4.0 eine wichtige Investition f\u00fcr Falegnameria Adriatica dar, die ihr kontinuierliches Engagement f\u00fcr Innovation und die Qualit\u00e4t ihrer Produkte best\u00e4tigt.<\/em><\/p>\n<\/div><\/div>\n<\/div><\/div><\/section>\n<\/div>\n<\/div>\n<\/div><\/section>\n\n\n\n<section id=\"gm49da7df\" class=\"wp-block-gutentor-m3 alignfull section-gm49da7df gutentor-module gutentor-container-cover has-color-bg has-custom-bg\"><div class=\"grid-container gutentor-rm-ct-space-d\">\n<div class=\"wp-block-columns margine-standard has-background is-layout-flex wp-container-core-columns-is-layout-8f761849 wp-block-columns-is-layout-flex\" style=\"background-color:#e5e5e5\">\n<div class=\"wp-block-column is-layout-flow wp-block-column-is-layout-flow\">\n<section id=\"gmd59a660\" class=\"wp-block-gutentor-m4 section-gmd59a660 gutentor-module gutentor-advanced-columns\"><div class=\"grid-container\"><div class=\"grid-row\">\n<div id=\"col-gmbcf42f\" class=\"wp-block-gutentor-m4-col col-gmbcf42f gutentor-single-column  grid-lg-12 grid-md-12 grid-12\"><div id=\"section-gmbcf42f\" class=\"section-gmbcf42f gutentor-col-wrap\">\n<h2 class=\"wp-block-heading has-text-align-center has-text-color\" style=\"color:#6d6d6d;font-size:25px\">Die neusten News<\/h2>\n\n\n<section class=\"gutentor-post-module section-cfab1d59-096f-4faf-8676-79f1c997ed72 gutentor-post-module-p1 gutentor_p1_template1 wp-block-gutentor-p1 gutentor-blog-grid\" id=\"\" data-gbid=\"cfab1d59-096f-4faf-8676-79f1c997ed72\" >\n<div class='grid-container'><div class='grid-row' ><article class='gutentor-post  grid-lg-4 grid-md-4 grid-12'><div class='gutentor-post-item'><div class='gutentor-post-image-box'><div class=\"gutentor-image-thumb\"><img loading=\"lazy\" decoding=\"async\" width=\"900\" height=\"765\" src=\"https:\/\/www.faonline.it\/wp-content\/uploads\/2026\/06\/News-salone-copertina.jpg\" class=\"attachment-full size-full wp-post-image\" alt=\"\" srcset=\"https:\/\/www.faonline.it\/wp-content\/uploads\/2026\/06\/News-salone-copertina.jpg 900w, https:\/\/www.faonline.it\/wp-content\/uploads\/2026\/06\/News-salone-copertina-300x255.jpg 300w, https:\/\/www.faonline.it\/wp-content\/uploads\/2026\/06\/News-salone-copertina-768x653.jpg 768w, https:\/\/www.faonline.it\/wp-content\/uploads\/2026\/06\/News-salone-copertina-540x459.jpg 540w\" sizes=\"auto, (max-width: 900px) 100vw, 900px\" \/><\/div><\/div><div class=\"gutentor-post-title-data-wrap\"><h3 class=\"gutentor-post-title\"><a href=\"https:\/\/www.faonline.it\/de\/salone-del-mobile-2026\/\" rel=\"bookmark\">Salone del Mobile 2026<\/a><\/h3><\/div><div class=\"gutentor-entry-meta gutentor-entry-meta-primary\"><div class=\"author vcard\"><i class=\"far fa-user\"><\/i><a href=\"https:\/\/www.faonline.it\/de\/salone-del-mobile-2026\/\" rel=\"bookmark\">Pierpaolo<\/a><\/div><div class=\"posted-on\"><i class=\"far fa-calendar-alt\"><\/i><a href=\"https:\/\/www.faonline.it\/de\/salone-del-mobile-2026\/\" rel=\"bookmark\">4. Juni 2026<\/a><\/div><div class=\"gutentor-meta-categories\"><i class=\"fas fa-tags\"><\/i><a href=\"https:\/\/www.faonline.it\/de\/category\/fiere-de\/\" rel=\"category tag\">Exhibitionen<\/a><\/div><\/div><div class=\"gutentor-post-desc\">Wir haben die neuen Onsen-Kollektionen auf dem Salone del Mobile Milano 2026 erstmals pr\u00e4sentiert&hellip;<\/div><a class=\"gutentor-button gutentor-post-button gutentor-icon-after\"  href=\"https:\/\/www.faonline.it\/de\/salone-del-mobile-2026\/\" href=\"https:\/\/www.faonline.it\/de\/salone-del-mobile-2026\/\"><i class=\"gutentor-button-icon far fa-arrow-alt-circle-right\" ><\/i><span>Lesen Sie weiter<\/span><\/a><\/div><\/article><article class='gutentor-post  grid-lg-4 grid-md-4 grid-12'><div class='gutentor-post-item'><div class='gutentor-post-image-box'><div class=\"gutentor-image-thumb\"><img loading=\"lazy\" decoding=\"async\" width=\"900\" height=\"765\" src=\"https:\/\/www.faonline.it\/wp-content\/uploads\/2026\/06\/News-big5-2025-copertina.jpg\" class=\"attachment-full size-full wp-post-image\" alt=\"\" srcset=\"https:\/\/www.faonline.it\/wp-content\/uploads\/2026\/06\/News-big5-2025-copertina.jpg 900w, https:\/\/www.faonline.it\/wp-content\/uploads\/2026\/06\/News-big5-2025-copertina-300x255.jpg 300w, https:\/\/www.faonline.it\/wp-content\/uploads\/2026\/06\/News-big5-2025-copertina-768x653.jpg 768w, https:\/\/www.faonline.it\/wp-content\/uploads\/2026\/06\/News-big5-2025-copertina-540x459.jpg 540w\" sizes=\"auto, (max-width: 900px) 100vw, 900px\" \/><\/div><\/div><div class=\"gutentor-post-title-data-wrap\"><h3 class=\"gutentor-post-title\"><a href=\"https:\/\/www.faonline.it\/de\/big-5-global-2025\/\" rel=\"bookmark\">Big 5 Global 2025<\/a><\/h3><\/div><div class=\"gutentor-entry-meta gutentor-entry-meta-primary\"><div class=\"author vcard\"><i class=\"far fa-user\"><\/i><a href=\"https:\/\/www.faonline.it\/de\/big-5-global-2025\/\" rel=\"bookmark\">Pierpaolo<\/a><\/div><div class=\"posted-on\"><i class=\"far fa-calendar-alt\"><\/i><a href=\"https:\/\/www.faonline.it\/de\/big-5-global-2025\/\" rel=\"bookmark\">4. Juni 2026<\/a><\/div><div class=\"gutentor-meta-categories\"><i class=\"fas fa-tags\"><\/i><a href=\"https:\/\/www.faonline.it\/de\/category\/fiere-de\/\" rel=\"category tag\">Exhibitionen<\/a><\/div><\/div><div class=\"gutentor-post-desc\">Wir haben an der Big 5 Dubai 2025 teilgenommen und dabei die neuen Onsen-Kollektionen pr\u00e4sentiert.&hellip;<\/div><a class=\"gutentor-button gutentor-post-button gutentor-icon-after\"  href=\"https:\/\/www.faonline.it\/de\/big-5-global-2025\/\" href=\"https:\/\/www.faonline.it\/de\/big-5-global-2025\/\"><i class=\"gutentor-button-icon far fa-arrow-alt-circle-right\" ><\/i><span>Lesen Sie weiter<\/span><\/a><\/div><\/article><article class='gutentor-post  grid-lg-4 grid-md-4 grid-12'><div class='gutentor-post-item'><div class='gutentor-post-image-box'><div class=\"gutentor-image-thumb\"><img loading=\"lazy\" decoding=\"async\" width=\"900\" height=\"765\" src=\"https:\/\/www.faonline.it\/wp-content\/uploads\/2025\/01\/Volantino-ISH-2025-per-anteprima.jpg\" class=\"attachment-full size-full wp-post-image\" alt=\"\" srcset=\"https:\/\/www.faonline.it\/wp-content\/uploads\/2025\/01\/Volantino-ISH-2025-per-anteprima.jpg 900w, https:\/\/www.faonline.it\/wp-content\/uploads\/2025\/01\/Volantino-ISH-2025-per-anteprima-300x255.jpg 300w, https:\/\/www.faonline.it\/wp-content\/uploads\/2025\/01\/Volantino-ISH-2025-per-anteprima-768x653.jpg 768w, https:\/\/www.faonline.it\/wp-content\/uploads\/2025\/01\/Volantino-ISH-2025-per-anteprima-540x459.jpg 540w\" sizes=\"auto, (max-width: 900px) 100vw, 900px\" \/><\/div><\/div><div class=\"gutentor-post-title-data-wrap\"><h3 class=\"gutentor-post-title\"><a href=\"https:\/\/www.faonline.it\/de\/ish-2025\/\" rel=\"bookmark\">ISH 2025<\/a><\/h3><\/div><div class=\"gutentor-entry-meta gutentor-entry-meta-primary\"><div class=\"author vcard\"><i class=\"far fa-user\"><\/i><a href=\"https:\/\/www.faonline.it\/de\/ish-2025\/\" rel=\"bookmark\">Pierpaolo<\/a><\/div><div class=\"posted-on\"><i class=\"far fa-calendar-alt\"><\/i><a href=\"https:\/\/www.faonline.it\/de\/ish-2025\/\" rel=\"bookmark\">29. Januar 2025<\/a><\/div><div class=\"gutentor-meta-categories\"><i class=\"fas fa-tags\"><\/i><a href=\"https:\/\/www.faonline.it\/de\/category\/fiere-de\/\" rel=\"category tag\">Exhibitionen<\/a><\/div><\/div><div class=\"gutentor-post-desc\">Wir werden auf der ISH in Frankfurt am Main vom 17. bis 21. M\u00e4rz am Stand C57 Halle 5.1 mit neuen Ko&hellip;<\/div><a class=\"gutentor-button gutentor-post-button gutentor-icon-after\"  href=\"https:\/\/www.faonline.it\/de\/ish-2025\/\" href=\"https:\/\/www.faonline.it\/de\/ish-2025\/\"><i class=\"gutentor-button-icon far fa-arrow-alt-circle-right\" ><\/i><span>Lesen Sie weiter<\/span><\/a><\/div><\/article><\/div><\/div><\/section><\/div><\/div>\n<\/div><\/div><\/section>\n<\/div>\n<\/div>\n<\/div><\/section>\n","protected":false},"excerpt":{"rendered":"<p>Falegnameria Adriatica pr\u00e4sentiert die neue Winkelplattens\u00e4ge SCM Industry 4.0<\/p>\n","protected":false},"author":1,"featured_media":4585,"comment_status":"closed","ping_status":"closed","sticky":false,"template":"","format":"standard","meta":{"footnotes":""},"categories":[41],"tags":[],"class_list":["post-4642","post","type-post","status-publish","format-standard","has-post-thumbnail","hentry","category-innovazione-de"],"gutentor_comment":0,"yoast_head":"<!-- This site is optimized with the Yoast SEO plugin v27.9 - https:\/\/yoast.com\/product\/yoast-seo-wordpress\/ -->\n<title>Neue Plattens\u00e4ge - Falegnameria Adriatica<\/title>\n<meta name=\"robots\" content=\"index, follow, max-snippet:-1, max-image-preview:large, max-video-preview:-1\" \/>\n<link rel=\"canonical\" href=\"https:\/\/www.faonline.it\/\/de\/nuovo-macchinario-sezionatrice\/\" \/>\n<meta property=\"og:locale\" content=\"de_DE\" \/>\n<meta property=\"og:type\" content=\"article\" \/>\n<meta property=\"og:title\" content=\"Neue Plattens\u00e4ge - Falegnameria Adriatica\" \/>\n<meta property=\"og:description\" content=\"Falegnameria Adriatica pr\u00e4sentiert die neue Winkelplattens\u00e4ge SCM Industry 4.0\" \/>\n<meta property=\"og:url\" content=\"https:\/\/www.faonline.it\/\/de\/nuovo-macchinario-sezionatrice\/\" \/>\n<meta property=\"og:site_name\" content=\"Falegnameria Adriatica\" \/>\n<meta property=\"article:published_time\" content=\"2023-02-10T14:59:27+00:00\" \/>\n<meta property=\"article:modified_time\" content=\"2023-10-11T08:35:58+00:00\" \/>\n<meta property=\"og:image\" content=\"https:\/\/www.faonline.it\/\/wp-content\/uploads\/2023\/10\/Sezionatrice-immagine-in-evidenza.jpg\" \/>\n\t<meta property=\"og:image:width\" content=\"900\" \/>\n\t<meta property=\"og:image:height\" content=\"767\" \/>\n\t<meta property=\"og:image:type\" content=\"image\/jpeg\" \/>\n<meta name=\"author\" content=\"Onsen\" \/>\n<meta name=\"twitter:card\" content=\"summary_large_image\" \/>\n<meta name=\"twitter:label1\" content=\"Verfasst von\" \/>\n\t<meta name=\"twitter:data1\" content=\"Onsen\" \/>\n\t<meta name=\"twitter:label2\" content=\"Gesch\u00e4tzte Lesezeit\" \/>\n\t<meta name=\"twitter:data2\" content=\"2\u00a0Minuten\" \/>\n<script type=\"application\/ld+json\" class=\"yoast-schema-graph\">{\"@context\":\"https:\\\/\\\/schema.org\",\"@graph\":[{\"@type\":\"Article\",\"@id\":\"https:\\\/\\\/www.faonline.it\\\/\\\/de\\\/nuovo-macchinario-sezionatrice\\\/#article\",\"isPartOf\":{\"@id\":\"https:\\\/\\\/www.faonline.it\\\/\\\/de\\\/nuovo-macchinario-sezionatrice\\\/\"},\"author\":{\"name\":\"Onsen\",\"@id\":\"https:\\\/\\\/www.faonline.it\\\/#\\\/schema\\\/person\\\/401ade7a40b056e417eaa31fb421d80c\"},\"headline\":\"Neue Plattens\u00e4ge\",\"datePublished\":\"2023-02-10T14:59:27+00:00\",\"dateModified\":\"2023-10-11T08:35:58+00:00\",\"mainEntityOfPage\":{\"@id\":\"https:\\\/\\\/www.faonline.it\\\/\\\/de\\\/nuovo-macchinario-sezionatrice\\\/\"},\"wordCount\":237,\"publisher\":{\"@id\":\"https:\\\/\\\/www.faonline.it\\\/#organization\"},\"image\":{\"@id\":\"https:\\\/\\\/www.faonline.it\\\/\\\/de\\\/nuovo-macchinario-sezionatrice\\\/#primaryimage\"},\"thumbnailUrl\":\"https:\\\/\\\/www.faonline.it\\\/wp-content\\\/uploads\\\/2023\\\/10\\\/Sezionatrice-immagine-in-evidenza.jpg\",\"articleSection\":[\"Innovationen\"],\"inLanguage\":\"de\"},{\"@type\":\"WebPage\",\"@id\":\"https:\\\/\\\/www.faonline.it\\\/\\\/de\\\/nuovo-macchinario-sezionatrice\\\/\",\"url\":\"https:\\\/\\\/www.faonline.it\\\/\\\/de\\\/nuovo-macchinario-sezionatrice\\\/\",\"name\":\"Neue Plattens\u00e4ge - Falegnameria Adriatica\",\"isPartOf\":{\"@id\":\"https:\\\/\\\/www.faonline.it\\\/#website\"},\"primaryImageOfPage\":{\"@id\":\"https:\\\/\\\/www.faonline.it\\\/\\\/de\\\/nuovo-macchinario-sezionatrice\\\/#primaryimage\"},\"image\":{\"@id\":\"https:\\\/\\\/www.faonline.it\\\/\\\/de\\\/nuovo-macchinario-sezionatrice\\\/#primaryimage\"},\"thumbnailUrl\":\"https:\\\/\\\/www.faonline.it\\\/wp-content\\\/uploads\\\/2023\\\/10\\\/Sezionatrice-immagine-in-evidenza.jpg\",\"datePublished\":\"2023-02-10T14:59:27+00:00\",\"dateModified\":\"2023-10-11T08:35:58+00:00\",\"inLanguage\":\"de\",\"potentialAction\":[{\"@type\":\"ReadAction\",\"target\":[\"https:\\\/\\\/www.faonline.it\\\/\\\/de\\\/nuovo-macchinario-sezionatrice\\\/\"]}]},{\"@type\":\"ImageObject\",\"inLanguage\":\"de\",\"@id\":\"https:\\\/\\\/www.faonline.it\\\/\\\/de\\\/nuovo-macchinario-sezionatrice\\\/#primaryimage\",\"url\":\"https:\\\/\\\/www.faonline.it\\\/wp-content\\\/uploads\\\/2023\\\/10\\\/Sezionatrice-immagine-in-evidenza.jpg\",\"contentUrl\":\"https:\\\/\\\/www.faonline.it\\\/wp-content\\\/uploads\\\/2023\\\/10\\\/Sezionatrice-immagine-in-evidenza.jpg\",\"width\":900,\"height\":767},{\"@type\":\"WebSite\",\"@id\":\"https:\\\/\\\/www.faonline.it\\\/#website\",\"url\":\"https:\\\/\\\/www.faonline.it\\\/\",\"name\":\"Falegnameria Adriatica\",\"description\":\"Da 40 anni Falegnameria Adriatica \u00e8 protagonista nel realizzare mobili e complementi da bagno coniugando, come nella migliore tradizione italiana, funzionalit\u00e0 e design.\",\"publisher\":{\"@id\":\"https:\\\/\\\/www.faonline.it\\\/#organization\"},\"potentialAction\":[{\"@type\":\"SearchAction\",\"target\":{\"@type\":\"EntryPoint\",\"urlTemplate\":\"https:\\\/\\\/www.faonline.it\\\/?s={search_term_string}\"},\"query-input\":{\"@type\":\"PropertyValueSpecification\",\"valueRequired\":true,\"valueName\":\"search_term_string\"}}],\"inLanguage\":\"de\"},{\"@type\":\"Organization\",\"@id\":\"https:\\\/\\\/www.faonline.it\\\/#organization\",\"name\":\"Falegnameria Adriatica\",\"url\":\"https:\\\/\\\/www.faonline.it\\\/\",\"logo\":{\"@type\":\"ImageObject\",\"inLanguage\":\"de\",\"@id\":\"https:\\\/\\\/www.faonline.it\\\/#\\\/schema\\\/logo\\\/image\\\/\",\"url\":\"https:\\\/\\\/www.faonline.it\\\/wp-content\\\/uploads\\\/2023\\\/07\\\/falegnameria-adriatica.png\",\"contentUrl\":\"https:\\\/\\\/www.faonline.it\\\/wp-content\\\/uploads\\\/2023\\\/07\\\/falegnameria-adriatica.png\",\"width\":133,\"height\":111,\"caption\":\"Falegnameria Adriatica\"},\"image\":{\"@id\":\"https:\\\/\\\/www.faonline.it\\\/#\\\/schema\\\/logo\\\/image\\\/\"}},{\"@type\":\"Person\",\"@id\":\"https:\\\/\\\/www.faonline.it\\\/#\\\/schema\\\/person\\\/401ade7a40b056e417eaa31fb421d80c\",\"name\":\"Onsen\",\"image\":{\"@type\":\"ImageObject\",\"inLanguage\":\"de\",\"@id\":\"https:\\\/\\\/secure.gravatar.com\\\/avatar\\\/b64178a505ee49db26e82c40e763d53b12eb7eebb18c57da77ef7efb5417d95e?s=96&d=mm&r=g\",\"url\":\"https:\\\/\\\/secure.gravatar.com\\\/avatar\\\/b64178a505ee49db26e82c40e763d53b12eb7eebb18c57da77ef7efb5417d95e?s=96&d=mm&r=g\",\"contentUrl\":\"https:\\\/\\\/secure.gravatar.com\\\/avatar\\\/b64178a505ee49db26e82c40e763d53b12eb7eebb18c57da77ef7efb5417d95e?s=96&d=mm&r=g\",\"caption\":\"Onsen\"},\"sameAs\":[\"http:\\\/\\\/onsen.damcoagency.it\"],\"url\":\"https:\\\/\\\/www.faonline.it\\\/de\\\/author\\\/onsen\\\/\"}]}<\/script>\n<!-- \/ Yoast SEO plugin. -->","yoast_head_json":{"title":"Neue Plattens\u00e4ge - Falegnameria Adriatica","robots":{"index":"index","follow":"follow","max-snippet":"max-snippet:-1","max-image-preview":"max-image-preview:large","max-video-preview":"max-video-preview:-1"},"canonical":"https:\/\/www.faonline.it\/\/de\/nuovo-macchinario-sezionatrice\/","og_locale":"de_DE","og_type":"article","og_title":"Neue Plattens\u00e4ge - Falegnameria Adriatica","og_description":"Falegnameria Adriatica pr\u00e4sentiert die neue Winkelplattens\u00e4ge SCM Industry 4.0","og_url":"https:\/\/www.faonline.it\/\/de\/nuovo-macchinario-sezionatrice\/","og_site_name":"Falegnameria Adriatica","article_published_time":"2023-02-10T14:59:27+00:00","article_modified_time":"2023-10-11T08:35:58+00:00","og_image":[{"width":900,"height":767,"url":"https:\/\/www.faonline.it\/\/wp-content\/uploads\/2023\/10\/Sezionatrice-immagine-in-evidenza.jpg","type":"image\/jpeg"}],"author":"Onsen","twitter_card":"summary_large_image","twitter_misc":{"Verfasst von":"Onsen","Gesch\u00e4tzte Lesezeit":"2\u00a0Minuten"},"schema":{"@context":"https:\/\/schema.org","@graph":[{"@type":"Article","@id":"https:\/\/www.faonline.it\/\/de\/nuovo-macchinario-sezionatrice\/#article","isPartOf":{"@id":"https:\/\/www.faonline.it\/\/de\/nuovo-macchinario-sezionatrice\/"},"author":{"name":"Onsen","@id":"https:\/\/www.faonline.it\/#\/schema\/person\/401ade7a40b056e417eaa31fb421d80c"},"headline":"Neue Plattens\u00e4ge","datePublished":"2023-02-10T14:59:27+00:00","dateModified":"2023-10-11T08:35:58+00:00","mainEntityOfPage":{"@id":"https:\/\/www.faonline.it\/\/de\/nuovo-macchinario-sezionatrice\/"},"wordCount":237,"publisher":{"@id":"https:\/\/www.faonline.it\/#organization"},"image":{"@id":"https:\/\/www.faonline.it\/\/de\/nuovo-macchinario-sezionatrice\/#primaryimage"},"thumbnailUrl":"https:\/\/www.faonline.it\/wp-content\/uploads\/2023\/10\/Sezionatrice-immagine-in-evidenza.jpg","articleSection":["Innovationen"],"inLanguage":"de"},{"@type":"WebPage","@id":"https:\/\/www.faonline.it\/\/de\/nuovo-macchinario-sezionatrice\/","url":"https:\/\/www.faonline.it\/\/de\/nuovo-macchinario-sezionatrice\/","name":"Neue Plattens\u00e4ge - Falegnameria Adriatica","isPartOf":{"@id":"https:\/\/www.faonline.it\/#website"},"primaryImageOfPage":{"@id":"https:\/\/www.faonline.it\/\/de\/nuovo-macchinario-sezionatrice\/#primaryimage"},"image":{"@id":"https:\/\/www.faonline.it\/\/de\/nuovo-macchinario-sezionatrice\/#primaryimage"},"thumbnailUrl":"https:\/\/www.faonline.it\/wp-content\/uploads\/2023\/10\/Sezionatrice-immagine-in-evidenza.jpg","datePublished":"2023-02-10T14:59:27+00:00","dateModified":"2023-10-11T08:35:58+00:00","inLanguage":"de","potentialAction":[{"@type":"ReadAction","target":["https:\/\/www.faonline.it\/\/de\/nuovo-macchinario-sezionatrice\/"]}]},{"@type":"ImageObject","inLanguage":"de","@id":"https:\/\/www.faonline.it\/\/de\/nuovo-macchinario-sezionatrice\/#primaryimage","url":"https:\/\/www.faonline.it\/wp-content\/uploads\/2023\/10\/Sezionatrice-immagine-in-evidenza.jpg","contentUrl":"https:\/\/www.faonline.it\/wp-content\/uploads\/2023\/10\/Sezionatrice-immagine-in-evidenza.jpg","width":900,"height":767},{"@type":"WebSite","@id":"https:\/\/www.faonline.it\/#website","url":"https:\/\/www.faonline.it\/","name":"Falegnameria Adriatica","description":"Da 40 anni Falegnameria Adriatica \u00e8 protagonista nel realizzare mobili e complementi da bagno coniugando, come nella migliore tradizione italiana, funzionalit\u00e0 e design.","publisher":{"@id":"https:\/\/www.faonline.it\/#organization"},"potentialAction":[{"@type":"SearchAction","target":{"@type":"EntryPoint","urlTemplate":"https:\/\/www.faonline.it\/?s={search_term_string}"},"query-input":{"@type":"PropertyValueSpecification","valueRequired":true,"valueName":"search_term_string"}}],"inLanguage":"de"},{"@type":"Organization","@id":"https:\/\/www.faonline.it\/#organization","name":"Falegnameria Adriatica","url":"https:\/\/www.faonline.it\/","logo":{"@type":"ImageObject","inLanguage":"de","@id":"https:\/\/www.faonline.it\/#\/schema\/logo\/image\/","url":"https:\/\/www.faonline.it\/wp-content\/uploads\/2023\/07\/falegnameria-adriatica.png","contentUrl":"https:\/\/www.faonline.it\/wp-content\/uploads\/2023\/07\/falegnameria-adriatica.png","width":133,"height":111,"caption":"Falegnameria Adriatica"},"image":{"@id":"https:\/\/www.faonline.it\/#\/schema\/logo\/image\/"}},{"@type":"Person","@id":"https:\/\/www.faonline.it\/#\/schema\/person\/401ade7a40b056e417eaa31fb421d80c","name":"Onsen","image":{"@type":"ImageObject","inLanguage":"de","@id":"https:\/\/secure.gravatar.com\/avatar\/b64178a505ee49db26e82c40e763d53b12eb7eebb18c57da77ef7efb5417d95e?s=96&d=mm&r=g","url":"https:\/\/secure.gravatar.com\/avatar\/b64178a505ee49db26e82c40e763d53b12eb7eebb18c57da77ef7efb5417d95e?s=96&d=mm&r=g","contentUrl":"https:\/\/secure.gravatar.com\/avatar\/b64178a505ee49db26e82c40e763d53b12eb7eebb18c57da77ef7efb5417d95e?s=96&d=mm&r=g","caption":"Onsen"},"sameAs":["http:\/\/onsen.damcoagency.it"],"url":"https:\/\/www.faonline.it\/de\/author\/onsen\/"}]}},"featured_image_src":"https:\/\/www.faonline.it\/wp-content\/uploads\/2023\/10\/Sezionatrice-immagine-in-evidenza.jpg","featured_image_src_square":"https:\/\/www.faonline.it\/wp-content\/uploads\/2023\/10\/Sezionatrice-immagine-in-evidenza.jpg","author_info":{"display_name":"Onsen","author_link":"https:\/\/www.faonline.it\/de\/author\/onsen\/"},"rbea_author_info":{"display_name":"Onsen","author_link":"https:\/\/www.faonline.it\/de\/author\/onsen\/"},"rbea_excerpt_info":"Falegnameria Adriatica pr\u00e4sentiert die neue Winkelplattens\u00e4ge SCM Industry 4.0","category_list":"<a href=\"https:\/\/www.faonline.it\/de\/category\/innovazione-de\/\" rel=\"category tag\">Innovationen<\/a>","comments_num":"0 comments","_links":{"self":[{"href":"https:\/\/www.faonline.it\/de\/wp-json\/wp\/v2\/posts\/4642","targetHints":{"allow":["GET"]}}],"collection":[{"href":"https:\/\/www.faonline.it\/de\/wp-json\/wp\/v2\/posts"}],"about":[{"href":"https:\/\/www.faonline.it\/de\/wp-json\/wp\/v2\/types\/post"}],"author":[{"embeddable":true,"href":"https:\/\/www.faonline.it\/de\/wp-json\/wp\/v2\/users\/1"}],"replies":[{"embeddable":true,"href":"https:\/\/www.faonline.it\/de\/wp-json\/wp\/v2\/comments?post=4642"}],"version-history":[{"count":4,"href":"https:\/\/www.faonline.it\/de\/wp-json\/wp\/v2\/posts\/4642\/revisions"}],"predecessor-version":[{"id":5033,"href":"https:\/\/www.faonline.it\/de\/wp-json\/wp\/v2\/posts\/4642\/revisions\/5033"}],"wp:featuredmedia":[{"embeddable":true,"href":"https:\/\/www.faonline.it\/de\/wp-json\/wp\/v2\/media\/4585"}],"wp:attachment":[{"href":"https:\/\/www.faonline.it\/de\/wp-json\/wp\/v2\/media?parent=4642"}],"wp:term":[{"taxonomy":"category","embeddable":true,"href":"https:\/\/www.faonline.it\/de\/wp-json\/wp\/v2\/categories?post=4642"},{"taxonomy":"post_tag","embeddable":true,"href":"https:\/\/www.faonline.it\/de\/wp-json\/wp\/v2\/tags?post=4642"}],"curies":[{"name":"wp","href":"https:\/\/api.w.org\/{rel}","templated":true}]}}