{"id":5231,"date":"2024-11-21T16:09:59","date_gmt":"2024-11-21T15:09:59","guid":{"rendered":"https:\/\/www.faonline.it\/?p=5231"},"modified":"2024-11-21T17:41:39","modified_gmt":"2024-11-21T16:41:39","slug":"big-5-2024","status":"publish","type":"post","link":"https:\/\/www.faonline.it\/de\/big-5-2024\/","title":{"rendered":"Big 5 Global 2024"},"content":{"rendered":"\n<section id=\"gm263dd05\" class=\"wp-block-gutentor-m3 alignfull section-gm263dd05 gutentor-module gutentor-container-cover margine-standard margine-top-hero-section\"><div class=\"grid-container gutentor-rm-ct-space-d\">\n<div class=\"wp-block-columns alignwide are-vertically-aligned-center margine-top-hero-section-azienda auto-margine is-layout-flex wp-container-core-columns-is-layout-8f761849 wp-block-columns-is-layout-flex\">\n<div class=\"wp-block-column is-vertically-aligned-center is-layout-flow wp-block-column-is-layout-flow\">\n<div style=\"height:250px\" aria-hidden=\"true\" class=\"wp-block-spacer spazio-vuoto-news-mobile\"><\/div>\n\n\n\n<div class=\"wp-block-getwid-icon-box button-back has-icon-left has-text-center\"><div style=\"margin-top:20px\" class=\"wp-block-getwid-icon-box__icon-container is-position-middle\"><a href=\"https:\/\/www.faonline.it\/\/de\/news\/\" rel=\"\" class=\"wp-block-getwid-icon-box__icon-wrapper has-text-color\" style=\"font-size:30px;color:#6d6d6d\"><i class=\"far fa-arrow-alt-circle-left\"><\/i><\/a><\/div><div class=\"wp-block-getwid-icon-box__content\">\n<h3 class=\"wp-block-heading has-text-color\" style=\"color:#6d6d6d\">Zur\u00fcck<\/h3>\n<\/div><\/div>\n\n\n\n<section id=\"gm8636af4\" class=\"wp-block-gutentor-m4 section-gm8636af4 gutentor-module gutentor-advanced-columns\"><div class=\"grid-container\"><div class=\"grid-row\">\n<div id=\"col-gm159b5d\" class=\"wp-block-gutentor-m4-col col-gm159b5d gutentor-single-column  grid-lg-6 grid-md-12 grid-12\"><div id=\"section-gm159b5d\" class=\"section-gm159b5d gutentor-col-wrap\"><h2 style=\"color:#6d6d6d;font-size:54px\" class=\"wp-block-post-title has-text-color\">Big 5 Global 2024<\/h2><\/div><\/div>\n\n\n\n<div id=\"col-gm890b92\" class=\"wp-block-gutentor-m4-col col-gm890b92 gutentor-single-column  grid-lg-6 grid-md-12 grid-12\"><div id=\"section-gm890b92\" class=\"section-gm890b92 gutentor-col-wrap\"><div style=\"color:#adadad;font-size:30px\" class=\"has-text-align-right format-testo-normale testo-data-news-mobile wp-block-post-date has-text-color\"><time datetime=\"2024-11-21T16:09:59+01:00\">21. November 2024<\/time><\/div><\/div><\/div>\n<\/div><\/div><\/section>\n\n\n\n<section id=\"gmdf4fe72\" class=\"wp-block-gutentor-m4 section-gmdf4fe72 gutentor-module gutentor-advanced-columns gutentor-equal-column-height\"><div class=\"grid-container\"><div class=\"grid-row\">\n<div id=\"col-gm9b2c28\" class=\"wp-block-gutentor-m4-col col-gm9b2c28 gutentor-single-column  grid-lg-12 grid-md-12 grid-12 margine-standard\"><div id=\"section-gm9b2c28\" class=\"section-gm9b2c28 gutentor-col-wrap\">\n<figure class=\"wp-block-image alignfull size-full margine-standard\"><img loading=\"lazy\" decoding=\"async\" width=\"966\" height=\"393\" src=\"https:\/\/www.faonline.it\/wp-content\/uploads\/2024\/11\/Volantino-BIG5-2024-per-banner.jpg\" alt=\"\" class=\"wp-image-5240\" srcset=\"https:\/\/www.faonline.it\/wp-content\/uploads\/2024\/11\/Volantino-BIG5-2024-per-banner.jpg 966w, https:\/\/www.faonline.it\/wp-content\/uploads\/2024\/11\/Volantino-BIG5-2024-per-banner-300x122.jpg 300w, https:\/\/www.faonline.it\/wp-content\/uploads\/2024\/11\/Volantino-BIG5-2024-per-banner-768x312.jpg 768w, https:\/\/www.faonline.it\/wp-content\/uploads\/2024\/11\/Volantino-BIG5-2024-per-banner-540x220.jpg 540w\" sizes=\"auto, (max-width: 966px) 100vw, 966px\" \/><\/figure>\n<\/div><\/div>\n<\/div><\/div><\/section>\n<\/div>\n<\/div>\n\n\n\n<div class=\"wp-block-columns are-vertically-aligned-center has-buttons-text-background-color has-background is-layout-flex wp-container-core-columns-is-layout-8f761849 wp-block-columns-is-layout-flex\">\n<div class=\"wp-block-column is-vertically-aligned-center is-layout-flow wp-block-column-is-layout-flow\">\n<section id=\"gm50b9940\" class=\"wp-block-gutentor-m4 section-gm50b9940 gutentor-module gutentor-advanced-columns\"><div class=\"grid-container\"><div class=\"grid-row\">\n<div id=\"col-gm12ca9f\" class=\"wp-block-gutentor-m4-col col-gm12ca9f gutentor-single-column  grid-lg-12 grid-md-12 grid-12\"><div id=\"section-gm12ca9f\" class=\"section-gm12ca9f gutentor-col-wrap\">\n<p class=\"has-text-align-left has-text-color wp-block-paragraph\" style=\"color:#1d1d1b;font-size:25px;font-style:normal;font-weight:300\">\u201cFalegnameria Adriatica auf der Big 5 Global in Dubai\u201d<\/p>\n\n\n\n<p class=\"has-text-align-left font-mobile-piccolo has-text-color wp-block-paragraph\" style=\"color:#6d6d6d;font-size:20px;font-style:normal;font-weight:300\">Falegnameria Adriatica, ein Unternehmen, das sich auf die Herstellung von hochwertigen Badezimmerm\u00f6beln spezialisiert hat, wird an der Ausgabe 2024 der prestigetr\u00e4chtigen Big 5 in Dubai teilnehmen \u2013 der gr\u00f6\u00dften internationalen Messe f\u00fcr Bau- und Designbranchen.<\/p>\n\n\n\n<p class=\"has-text-align-left has-text-color wp-block-paragraph\" style=\"color:#1d1d1b;font-size:25px;font-style:normal;font-weight:300\"><em>Besuchen Sie uns vom 26. bis 29. November 2024 in der Halle 6, Stand 6F266, und entdecken Sie unsere innovativen L\u00f6sungen sowie die italienische Handwerkskunst, die sich im Design von Badezimmerm\u00f6beln widerspiegelt.<\/em><\/p>\n\n\n\n<p class=\"has-text-align-left font-mobile-piccolo has-text-color wp-block-paragraph\" style=\"color:#6d6d6d;font-size:20px;font-style:normal;font-weight:300\">Besuchen Sie den unten stehenden Link, um sich zu registrieren und Ihre Tickets f\u00fcr die Veranstaltung zu sichern: <a href=\"https:\/\/reg.big5global.com\/dmg_shop\/Big5Global_2024\/Shop?utm_source=marketing-manual&amp;utm_medium=exhibitor&amp;utm_campaign=Falegnameria+Adriatica+Srl\">https:\/\/reg.big5global.com\/dmg_shop\/Big5Global_2024\/Shop?utm_source=marketing-manual&amp;utm_medium=exhibitor&amp;utm_campaign=Falegnameria+Adriatica+Srl<\/a><\/p>\n\n\n\n<p class=\"has-text-align-left has-text-color wp-block-paragraph\" style=\"color:#1d1d1b;font-size:25px;font-style:normal;font-weight:300\"><em>Verpassen Sie nicht die Gelegenheit, Badezimmer in exklusive und funktionale R\u00e4ume zu verwandeln!<\/em><\/p>\n<\/div><\/div>\n<\/div><\/div><\/section>\n<\/div>\n<\/div>\n<\/div><\/section>\n\n\n\n<section id=\"gmb03c15c\" class=\"wp-block-gutentor-m3 alignfull section-gmb03c15c gutentor-module gutentor-container-cover has-color-bg has-custom-bg\"><div class=\"grid-container gutentor-rm-ct-space-d\">\n<div class=\"wp-block-columns margine-standard has-background-background-color has-background is-layout-flex wp-container-core-columns-is-layout-8f761849 wp-block-columns-is-layout-flex\">\n<div class=\"wp-block-column is-layout-flow wp-block-column-is-layout-flow\">\n<section id=\"gm0573cf2\" class=\"wp-block-gutentor-m4 section-gm0573cf2 gutentor-module gutentor-advanced-columns\"><div class=\"grid-container\"><div class=\"grid-row\">\n<div id=\"col-gm068fdc\" class=\"wp-block-gutentor-m4-col col-gm068fdc gutentor-single-column  grid-lg-12 grid-md-12 grid-12\"><div id=\"section-gm068fdc\" class=\"section-gm068fdc gutentor-col-wrap\">\n<h2 class=\"wp-block-heading has-text-align-center has-text-color\" style=\"color:#6d6d6d;font-size:25px\">Die neusten News<\/h2>\n\n\n<section class=\"gutentor-post-module section-8196eedc-3a6c-4238-ad76-fe94e07549f7 gutentor-post-module-p1 gutentor_p1_template1 wp-block-gutentor-p1 gutentor-blog-grid\" id=\"\" data-gbid=\"8196eedc-3a6c-4238-ad76-fe94e07549f7\" >\n<div class='grid-container'><div class='grid-row' ><article class='gutentor-post  grid-lg-4 grid-md-4 grid-12'><div class='gutentor-post-item'><div class='gutentor-post-image-box'><div class=\"gutentor-image-thumb\"><img loading=\"lazy\" decoding=\"async\" width=\"900\" height=\"765\" src=\"https:\/\/www.faonline.it\/wp-content\/uploads\/2026\/06\/News-salone-copertina.jpg\" class=\"attachment-full size-full wp-post-image\" alt=\"\" srcset=\"https:\/\/www.faonline.it\/wp-content\/uploads\/2026\/06\/News-salone-copertina.jpg 900w, https:\/\/www.faonline.it\/wp-content\/uploads\/2026\/06\/News-salone-copertina-300x255.jpg 300w, https:\/\/www.faonline.it\/wp-content\/uploads\/2026\/06\/News-salone-copertina-768x653.jpg 768w, https:\/\/www.faonline.it\/wp-content\/uploads\/2026\/06\/News-salone-copertina-540x459.jpg 540w\" sizes=\"auto, (max-width: 900px) 100vw, 900px\" \/><\/div><\/div><div class=\"gutentor-post-title-data-wrap\"><h3 class=\"gutentor-post-title\"><a href=\"https:\/\/www.faonline.it\/de\/salone-del-mobile-2026\/\" rel=\"bookmark\">Salone del Mobile 2026<\/a><\/h3><\/div><div class=\"gutentor-entry-meta gutentor-entry-meta-primary\"><div class=\"author vcard\"><i class=\"far fa-user\"><\/i><a href=\"https:\/\/www.faonline.it\/de\/salone-del-mobile-2026\/\" rel=\"bookmark\">Pierpaolo<\/a><\/div><div class=\"posted-on\"><i class=\"far fa-calendar-alt\"><\/i><a href=\"https:\/\/www.faonline.it\/de\/salone-del-mobile-2026\/\" rel=\"bookmark\">4. Juni 2026<\/a><\/div><div class=\"gutentor-meta-categories\"><i class=\"fas fa-tags\"><\/i><a href=\"https:\/\/www.faonline.it\/de\/category\/fiere-de\/\" rel=\"category tag\">Exhibitionen<\/a><\/div><\/div><div class=\"gutentor-post-desc\">Wir haben die neuen Onsen-Kollektionen auf dem Salone del Mobile Milano 2026 erstmals pr\u00e4sentiert&hellip;<\/div><a class=\"gutentor-button gutentor-post-button gutentor-icon-after\"  href=\"https:\/\/www.faonline.it\/de\/salone-del-mobile-2026\/\" href=\"https:\/\/www.faonline.it\/de\/salone-del-mobile-2026\/\"><i class=\"gutentor-button-icon far fa-arrow-alt-circle-right\" ><\/i><span>Lesen Sie weiter<\/span><\/a><\/div><\/article><article class='gutentor-post  grid-lg-4 grid-md-4 grid-12'><div class='gutentor-post-item'><div class='gutentor-post-image-box'><div class=\"gutentor-image-thumb\"><img loading=\"lazy\" decoding=\"async\" width=\"900\" height=\"765\" src=\"https:\/\/www.faonline.it\/wp-content\/uploads\/2026\/06\/News-big5-2025-copertina.jpg\" class=\"attachment-full size-full wp-post-image\" alt=\"\" srcset=\"https:\/\/www.faonline.it\/wp-content\/uploads\/2026\/06\/News-big5-2025-copertina.jpg 900w, https:\/\/www.faonline.it\/wp-content\/uploads\/2026\/06\/News-big5-2025-copertina-300x255.jpg 300w, https:\/\/www.faonline.it\/wp-content\/uploads\/2026\/06\/News-big5-2025-copertina-768x653.jpg 768w, https:\/\/www.faonline.it\/wp-content\/uploads\/2026\/06\/News-big5-2025-copertina-540x459.jpg 540w\" sizes=\"auto, (max-width: 900px) 100vw, 900px\" \/><\/div><\/div><div class=\"gutentor-post-title-data-wrap\"><h3 class=\"gutentor-post-title\"><a href=\"https:\/\/www.faonline.it\/de\/big-5-global-2025\/\" rel=\"bookmark\">Big 5 Global 2025<\/a><\/h3><\/div><div class=\"gutentor-entry-meta gutentor-entry-meta-primary\"><div class=\"author vcard\"><i class=\"far fa-user\"><\/i><a href=\"https:\/\/www.faonline.it\/de\/big-5-global-2025\/\" rel=\"bookmark\">Pierpaolo<\/a><\/div><div class=\"posted-on\"><i class=\"far fa-calendar-alt\"><\/i><a href=\"https:\/\/www.faonline.it\/de\/big-5-global-2025\/\" rel=\"bookmark\">4. Juni 2026<\/a><\/div><div class=\"gutentor-meta-categories\"><i class=\"fas fa-tags\"><\/i><a href=\"https:\/\/www.faonline.it\/de\/category\/fiere-de\/\" rel=\"category tag\">Exhibitionen<\/a><\/div><\/div><div class=\"gutentor-post-desc\">Wir haben an der Big 5 Dubai 2025 teilgenommen und dabei die neuen Onsen-Kollektionen pr\u00e4sentiert.&hellip;<\/div><a class=\"gutentor-button gutentor-post-button gutentor-icon-after\"  href=\"https:\/\/www.faonline.it\/de\/big-5-global-2025\/\" href=\"https:\/\/www.faonline.it\/de\/big-5-global-2025\/\"><i class=\"gutentor-button-icon far fa-arrow-alt-circle-right\" ><\/i><span>Lesen Sie weiter<\/span><\/a><\/div><\/article><article class='gutentor-post  grid-lg-4 grid-md-4 grid-12'><div class='gutentor-post-item'><div class='gutentor-post-image-box'><div class=\"gutentor-image-thumb\"><img loading=\"lazy\" decoding=\"async\" width=\"900\" height=\"765\" src=\"https:\/\/www.faonline.it\/wp-content\/uploads\/2025\/01\/Volantino-ISH-2025-per-anteprima.jpg\" class=\"attachment-full size-full wp-post-image\" alt=\"\" srcset=\"https:\/\/www.faonline.it\/wp-content\/uploads\/2025\/01\/Volantino-ISH-2025-per-anteprima.jpg 900w, https:\/\/www.faonline.it\/wp-content\/uploads\/2025\/01\/Volantino-ISH-2025-per-anteprima-300x255.jpg 300w, https:\/\/www.faonline.it\/wp-content\/uploads\/2025\/01\/Volantino-ISH-2025-per-anteprima-768x653.jpg 768w, https:\/\/www.faonline.it\/wp-content\/uploads\/2025\/01\/Volantino-ISH-2025-per-anteprima-540x459.jpg 540w\" sizes=\"auto, (max-width: 900px) 100vw, 900px\" \/><\/div><\/div><div class=\"gutentor-post-title-data-wrap\"><h3 class=\"gutentor-post-title\"><a href=\"https:\/\/www.faonline.it\/de\/ish-2025\/\" rel=\"bookmark\">ISH 2025<\/a><\/h3><\/div><div class=\"gutentor-entry-meta gutentor-entry-meta-primary\"><div class=\"author vcard\"><i class=\"far fa-user\"><\/i><a href=\"https:\/\/www.faonline.it\/de\/ish-2025\/\" rel=\"bookmark\">Pierpaolo<\/a><\/div><div class=\"posted-on\"><i class=\"far fa-calendar-alt\"><\/i><a href=\"https:\/\/www.faonline.it\/de\/ish-2025\/\" rel=\"bookmark\">29. Januar 2025<\/a><\/div><div class=\"gutentor-meta-categories\"><i class=\"fas fa-tags\"><\/i><a href=\"https:\/\/www.faonline.it\/de\/category\/fiere-de\/\" rel=\"category tag\">Exhibitionen<\/a><\/div><\/div><div class=\"gutentor-post-desc\">Wir werden auf der ISH in Frankfurt am Main vom 17. bis 21. M\u00e4rz am Stand C57 Halle 5.1 mit neuen Ko&hellip;<\/div><a class=\"gutentor-button gutentor-post-button gutentor-icon-after\"  href=\"https:\/\/www.faonline.it\/de\/ish-2025\/\" href=\"https:\/\/www.faonline.it\/de\/ish-2025\/\"><i class=\"gutentor-button-icon far fa-arrow-alt-circle-right\" ><\/i><span>Lesen Sie weiter<\/span><\/a><\/div><\/article><\/div><\/div><\/section><\/div><\/div>\n<\/div><\/div><\/section>\n<\/div>\n<\/div>\n<\/div><\/section>\n","protected":false},"excerpt":{"rendered":"<p>Wir sind vom 26. bis 29.11 auf der Big 5 in Dubai mit einer Vorschau auf die neuen Onsen-Trends am Stand 6F266 in Halle 6.<\/p>\n","protected":false},"author":2,"featured_media":5236,"comment_status":"closed","ping_status":"closed","sticky":false,"template":"","format":"standard","meta":{"footnotes":""},"categories":[55],"tags":[],"class_list":["post-5231","post","type-post","status-publish","format-standard","has-post-thumbnail","hentry","category-fiere-de"],"gutentor_comment":0,"yoast_head":"<!-- This site is optimized with the Yoast SEO plugin v27.9 - https:\/\/yoast.com\/product\/yoast-seo-wordpress\/ -->\n<title>Big 5 Global 2024 - Falegnameria Adriatica<\/title>\n<meta name=\"robots\" content=\"index, follow, max-snippet:-1, max-image-preview:large, max-video-preview:-1\" \/>\n<link rel=\"canonical\" href=\"https:\/\/www.faonline.it\/de\/big-5-2024\/\" \/>\n<meta property=\"og:locale\" content=\"de_DE\" \/>\n<meta property=\"og:type\" content=\"article\" \/>\n<meta property=\"og:title\" content=\"Big 5 Global 2024 - Falegnameria Adriatica\" \/>\n<meta property=\"og:description\" content=\"Wir sind vom 26. bis 29.11 auf der Big 5 in Dubai mit einer Vorschau auf die neuen Onsen-Trends am Stand 6F266 in Halle 6.\" \/>\n<meta property=\"og:url\" content=\"https:\/\/www.faonline.it\/de\/big-5-2024\/\" \/>\n<meta property=\"og:site_name\" content=\"Falegnameria Adriatica\" \/>\n<meta property=\"article:published_time\" content=\"2024-11-21T15:09:59+00:00\" \/>\n<meta property=\"article:modified_time\" content=\"2024-11-21T16:41:39+00:00\" \/>\n<meta property=\"og:image\" content=\"https:\/\/www.faonline.it\/wp-content\/uploads\/2024\/11\/Volantino-BIG5-2024-per-anteprima.jpg\" \/>\n\t<meta property=\"og:image:width\" content=\"900\" \/>\n\t<meta property=\"og:image:height\" content=\"765\" \/>\n\t<meta property=\"og:image:type\" content=\"image\/jpeg\" \/>\n<meta name=\"author\" content=\"Pierpaolo\" \/>\n<meta name=\"twitter:card\" content=\"summary_large_image\" \/>\n<meta name=\"twitter:label1\" content=\"Verfasst von\" \/>\n\t<meta name=\"twitter:data1\" content=\"Pierpaolo\" \/>\n\t<meta name=\"twitter:label2\" content=\"Gesch\u00e4tzte Lesezeit\" \/>\n\t<meta name=\"twitter:data2\" content=\"1\u00a0Minute\" \/>\n<script type=\"application\/ld+json\" class=\"yoast-schema-graph\">{\"@context\":\"https:\\\/\\\/schema.org\",\"@graph\":[{\"@type\":\"Article\",\"@id\":\"https:\\\/\\\/www.faonline.it\\\/de\\\/big-5-2024\\\/#article\",\"isPartOf\":{\"@id\":\"https:\\\/\\\/www.faonline.it\\\/de\\\/big-5-2024\\\/\"},\"author\":{\"name\":\"Pierpaolo\",\"@id\":\"https:\\\/\\\/www.faonline.it\\\/#\\\/schema\\\/person\\\/d64d64470d331b2f1dc6b96e2cba7d5d\"},\"headline\":\"Big 5 Global 2024\",\"datePublished\":\"2024-11-21T15:09:59+00:00\",\"dateModified\":\"2024-11-21T16:41:39+00:00\",\"mainEntityOfPage\":{\"@id\":\"https:\\\/\\\/www.faonline.it\\\/de\\\/big-5-2024\\\/\"},\"wordCount\":137,\"publisher\":{\"@id\":\"https:\\\/\\\/www.faonline.it\\\/#organization\"},\"image\":{\"@id\":\"https:\\\/\\\/www.faonline.it\\\/de\\\/big-5-2024\\\/#primaryimage\"},\"thumbnailUrl\":\"https:\\\/\\\/www.faonline.it\\\/wp-content\\\/uploads\\\/2024\\\/11\\\/Volantino-BIG5-2024-per-anteprima.jpg\",\"articleSection\":[\"Exhibitionen\"],\"inLanguage\":\"de\"},{\"@type\":\"WebPage\",\"@id\":\"https:\\\/\\\/www.faonline.it\\\/de\\\/big-5-2024\\\/\",\"url\":\"https:\\\/\\\/www.faonline.it\\\/de\\\/big-5-2024\\\/\",\"name\":\"Big 5 Global 2024 - Falegnameria Adriatica\",\"isPartOf\":{\"@id\":\"https:\\\/\\\/www.faonline.it\\\/#website\"},\"primaryImageOfPage\":{\"@id\":\"https:\\\/\\\/www.faonline.it\\\/de\\\/big-5-2024\\\/#primaryimage\"},\"image\":{\"@id\":\"https:\\\/\\\/www.faonline.it\\\/de\\\/big-5-2024\\\/#primaryimage\"},\"thumbnailUrl\":\"https:\\\/\\\/www.faonline.it\\\/wp-content\\\/uploads\\\/2024\\\/11\\\/Volantino-BIG5-2024-per-anteprima.jpg\",\"datePublished\":\"2024-11-21T15:09:59+00:00\",\"dateModified\":\"2024-11-21T16:41:39+00:00\",\"inLanguage\":\"de\",\"potentialAction\":[{\"@type\":\"ReadAction\",\"target\":[\"https:\\\/\\\/www.faonline.it\\\/de\\\/big-5-2024\\\/\"]}]},{\"@type\":\"ImageObject\",\"inLanguage\":\"de\",\"@id\":\"https:\\\/\\\/www.faonline.it\\\/de\\\/big-5-2024\\\/#primaryimage\",\"url\":\"https:\\\/\\\/www.faonline.it\\\/wp-content\\\/uploads\\\/2024\\\/11\\\/Volantino-BIG5-2024-per-anteprima.jpg\",\"contentUrl\":\"https:\\\/\\\/www.faonline.it\\\/wp-content\\\/uploads\\\/2024\\\/11\\\/Volantino-BIG5-2024-per-anteprima.jpg\",\"width\":900,\"height\":765},{\"@type\":\"WebSite\",\"@id\":\"https:\\\/\\\/www.faonline.it\\\/#website\",\"url\":\"https:\\\/\\\/www.faonline.it\\\/\",\"name\":\"Falegnameria Adriatica\",\"description\":\"Da 40 anni Falegnameria Adriatica \u00e8 protagonista nel realizzare mobili e complementi da bagno coniugando, come nella migliore tradizione italiana, funzionalit\u00e0 e design.\",\"publisher\":{\"@id\":\"https:\\\/\\\/www.faonline.it\\\/#organization\"},\"potentialAction\":[{\"@type\":\"SearchAction\",\"target\":{\"@type\":\"EntryPoint\",\"urlTemplate\":\"https:\\\/\\\/www.faonline.it\\\/?s={search_term_string}\"},\"query-input\":{\"@type\":\"PropertyValueSpecification\",\"valueRequired\":true,\"valueName\":\"search_term_string\"}}],\"inLanguage\":\"de\"},{\"@type\":\"Organization\",\"@id\":\"https:\\\/\\\/www.faonline.it\\\/#organization\",\"name\":\"Falegnameria Adriatica\",\"url\":\"https:\\\/\\\/www.faonline.it\\\/\",\"logo\":{\"@type\":\"ImageObject\",\"inLanguage\":\"de\",\"@id\":\"https:\\\/\\\/www.faonline.it\\\/#\\\/schema\\\/logo\\\/image\\\/\",\"url\":\"https:\\\/\\\/www.faonline.it\\\/wp-content\\\/uploads\\\/2023\\\/07\\\/falegnameria-adriatica.png\",\"contentUrl\":\"https:\\\/\\\/www.faonline.it\\\/wp-content\\\/uploads\\\/2023\\\/07\\\/falegnameria-adriatica.png\",\"width\":133,\"height\":111,\"caption\":\"Falegnameria Adriatica\"},\"image\":{\"@id\":\"https:\\\/\\\/www.faonline.it\\\/#\\\/schema\\\/logo\\\/image\\\/\"}},{\"@type\":\"Person\",\"@id\":\"https:\\\/\\\/www.faonline.it\\\/#\\\/schema\\\/person\\\/d64d64470d331b2f1dc6b96e2cba7d5d\",\"name\":\"Pierpaolo\",\"image\":{\"@type\":\"ImageObject\",\"inLanguage\":\"de\",\"@id\":\"https:\\\/\\\/secure.gravatar.com\\\/avatar\\\/f2b7d7e3e6d64909e9534d6745de4d58ff67b56a8112fc5cade3313d76fd511a?s=96&d=mm&r=g\",\"url\":\"https:\\\/\\\/secure.gravatar.com\\\/avatar\\\/f2b7d7e3e6d64909e9534d6745de4d58ff67b56a8112fc5cade3313d76fd511a?s=96&d=mm&r=g\",\"contentUrl\":\"https:\\\/\\\/secure.gravatar.com\\\/avatar\\\/f2b7d7e3e6d64909e9534d6745de4d58ff67b56a8112fc5cade3313d76fd511a?s=96&d=mm&r=g\",\"caption\":\"Pierpaolo\"},\"url\":\"https:\\\/\\\/www.faonline.it\\\/de\\\/author\\\/pierpaolo_onsen\\\/\"}]}<\/script>\n<!-- \/ Yoast SEO plugin. -->","yoast_head_json":{"title":"Big 5 Global 2024 - Falegnameria Adriatica","robots":{"index":"index","follow":"follow","max-snippet":"max-snippet:-1","max-image-preview":"max-image-preview:large","max-video-preview":"max-video-preview:-1"},"canonical":"https:\/\/www.faonline.it\/de\/big-5-2024\/","og_locale":"de_DE","og_type":"article","og_title":"Big 5 Global 2024 - Falegnameria Adriatica","og_description":"Wir sind vom 26. bis 29.11 auf der Big 5 in Dubai mit einer Vorschau auf die neuen Onsen-Trends am Stand 6F266 in Halle 6.","og_url":"https:\/\/www.faonline.it\/de\/big-5-2024\/","og_site_name":"Falegnameria Adriatica","article_published_time":"2024-11-21T15:09:59+00:00","article_modified_time":"2024-11-21T16:41:39+00:00","og_image":[{"width":900,"height":765,"url":"https:\/\/www.faonline.it\/wp-content\/uploads\/2024\/11\/Volantino-BIG5-2024-per-anteprima.jpg","type":"image\/jpeg"}],"author":"Pierpaolo","twitter_card":"summary_large_image","twitter_misc":{"Verfasst von":"Pierpaolo","Gesch\u00e4tzte Lesezeit":"1\u00a0Minute"},"schema":{"@context":"https:\/\/schema.org","@graph":[{"@type":"Article","@id":"https:\/\/www.faonline.it\/de\/big-5-2024\/#article","isPartOf":{"@id":"https:\/\/www.faonline.it\/de\/big-5-2024\/"},"author":{"name":"Pierpaolo","@id":"https:\/\/www.faonline.it\/#\/schema\/person\/d64d64470d331b2f1dc6b96e2cba7d5d"},"headline":"Big 5 Global 2024","datePublished":"2024-11-21T15:09:59+00:00","dateModified":"2024-11-21T16:41:39+00:00","mainEntityOfPage":{"@id":"https:\/\/www.faonline.it\/de\/big-5-2024\/"},"wordCount":137,"publisher":{"@id":"https:\/\/www.faonline.it\/#organization"},"image":{"@id":"https:\/\/www.faonline.it\/de\/big-5-2024\/#primaryimage"},"thumbnailUrl":"https:\/\/www.faonline.it\/wp-content\/uploads\/2024\/11\/Volantino-BIG5-2024-per-anteprima.jpg","articleSection":["Exhibitionen"],"inLanguage":"de"},{"@type":"WebPage","@id":"https:\/\/www.faonline.it\/de\/big-5-2024\/","url":"https:\/\/www.faonline.it\/de\/big-5-2024\/","name":"Big 5 Global 2024 - Falegnameria Adriatica","isPartOf":{"@id":"https:\/\/www.faonline.it\/#website"},"primaryImageOfPage":{"@id":"https:\/\/www.faonline.it\/de\/big-5-2024\/#primaryimage"},"image":{"@id":"https:\/\/www.faonline.it\/de\/big-5-2024\/#primaryimage"},"thumbnailUrl":"https:\/\/www.faonline.it\/wp-content\/uploads\/2024\/11\/Volantino-BIG5-2024-per-anteprima.jpg","datePublished":"2024-11-21T15:09:59+00:00","dateModified":"2024-11-21T16:41:39+00:00","inLanguage":"de","potentialAction":[{"@type":"ReadAction","target":["https:\/\/www.faonline.it\/de\/big-5-2024\/"]}]},{"@type":"ImageObject","inLanguage":"de","@id":"https:\/\/www.faonline.it\/de\/big-5-2024\/#primaryimage","url":"https:\/\/www.faonline.it\/wp-content\/uploads\/2024\/11\/Volantino-BIG5-2024-per-anteprima.jpg","contentUrl":"https:\/\/www.faonline.it\/wp-content\/uploads\/2024\/11\/Volantino-BIG5-2024-per-anteprima.jpg","width":900,"height":765},{"@type":"WebSite","@id":"https:\/\/www.faonline.it\/#website","url":"https:\/\/www.faonline.it\/","name":"Falegnameria Adriatica","description":"Da 40 anni Falegnameria Adriatica \u00e8 protagonista nel realizzare mobili e complementi da bagno coniugando, come nella migliore tradizione italiana, funzionalit\u00e0 e design.","publisher":{"@id":"https:\/\/www.faonline.it\/#organization"},"potentialAction":[{"@type":"SearchAction","target":{"@type":"EntryPoint","urlTemplate":"https:\/\/www.faonline.it\/?s={search_term_string}"},"query-input":{"@type":"PropertyValueSpecification","valueRequired":true,"valueName":"search_term_string"}}],"inLanguage":"de"},{"@type":"Organization","@id":"https:\/\/www.faonline.it\/#organization","name":"Falegnameria Adriatica","url":"https:\/\/www.faonline.it\/","logo":{"@type":"ImageObject","inLanguage":"de","@id":"https:\/\/www.faonline.it\/#\/schema\/logo\/image\/","url":"https:\/\/www.faonline.it\/wp-content\/uploads\/2023\/07\/falegnameria-adriatica.png","contentUrl":"https:\/\/www.faonline.it\/wp-content\/uploads\/2023\/07\/falegnameria-adriatica.png","width":133,"height":111,"caption":"Falegnameria Adriatica"},"image":{"@id":"https:\/\/www.faonline.it\/#\/schema\/logo\/image\/"}},{"@type":"Person","@id":"https:\/\/www.faonline.it\/#\/schema\/person\/d64d64470d331b2f1dc6b96e2cba7d5d","name":"Pierpaolo","image":{"@type":"ImageObject","inLanguage":"de","@id":"https:\/\/secure.gravatar.com\/avatar\/f2b7d7e3e6d64909e9534d6745de4d58ff67b56a8112fc5cade3313d76fd511a?s=96&d=mm&r=g","url":"https:\/\/secure.gravatar.com\/avatar\/f2b7d7e3e6d64909e9534d6745de4d58ff67b56a8112fc5cade3313d76fd511a?s=96&d=mm&r=g","contentUrl":"https:\/\/secure.gravatar.com\/avatar\/f2b7d7e3e6d64909e9534d6745de4d58ff67b56a8112fc5cade3313d76fd511a?s=96&d=mm&r=g","caption":"Pierpaolo"},"url":"https:\/\/www.faonline.it\/de\/author\/pierpaolo_onsen\/"}]}},"featured_image_src":"https:\/\/www.faonline.it\/wp-content\/uploads\/2024\/11\/Volantino-BIG5-2024-per-anteprima.jpg","featured_image_src_square":"https:\/\/www.faonline.it\/wp-content\/uploads\/2024\/11\/Volantino-BIG5-2024-per-anteprima.jpg","author_info":{"display_name":"Pierpaolo","author_link":"https:\/\/www.faonline.it\/de\/author\/pierpaolo_onsen\/"},"rbea_author_info":{"display_name":"Pierpaolo","author_link":"https:\/\/www.faonline.it\/de\/author\/pierpaolo_onsen\/"},"rbea_excerpt_info":"Wir sind vom 26. bis 29.11 auf der Big 5 in Dubai mit einer Vorschau auf die neuen Onsen-Trends am Stand 6F266 in Halle 6.","category_list":"<a href=\"https:\/\/www.faonline.it\/de\/category\/fiere-de\/\" rel=\"category tag\">Exhibitionen<\/a>","comments_num":"0 comments","_links":{"self":[{"href":"https:\/\/www.faonline.it\/de\/wp-json\/wp\/v2\/posts\/5231","targetHints":{"allow":["GET"]}}],"collection":[{"href":"https:\/\/www.faonline.it\/de\/wp-json\/wp\/v2\/posts"}],"about":[{"href":"https:\/\/www.faonline.it\/de\/wp-json\/wp\/v2\/types\/post"}],"author":[{"embeddable":true,"href":"https:\/\/www.faonline.it\/de\/wp-json\/wp\/v2\/users\/2"}],"replies":[{"embeddable":true,"href":"https:\/\/www.faonline.it\/de\/wp-json\/wp\/v2\/comments?post=5231"}],"version-history":[{"count":5,"href":"https:\/\/www.faonline.it\/de\/wp-json\/wp\/v2\/posts\/5231\/revisions"}],"predecessor-version":[{"id":5261,"href":"https:\/\/www.faonline.it\/de\/wp-json\/wp\/v2\/posts\/5231\/revisions\/5261"}],"wp:featuredmedia":[{"embeddable":true,"href":"https:\/\/www.faonline.it\/de\/wp-json\/wp\/v2\/media\/5236"}],"wp:attachment":[{"href":"https:\/\/www.faonline.it\/de\/wp-json\/wp\/v2\/media?parent=5231"}],"wp:term":[{"taxonomy":"category","embeddable":true,"href":"https:\/\/www.faonline.it\/de\/wp-json\/wp\/v2\/categories?post=5231"},{"taxonomy":"post_tag","embeddable":true,"href":"https:\/\/www.faonline.it\/de\/wp-json\/wp\/v2\/tags?post=5231"}],"curies":[{"name":"wp","href":"https:\/\/api.w.org\/{rel}","templated":true}]}}