{"id":5232,"date":"2024-11-21T16:09:59","date_gmt":"2024-11-21T15:09:59","guid":{"rendered":"https:\/\/www.faonline.it\/?p=5232"},"modified":"2024-11-21T17:45:42","modified_gmt":"2024-11-21T16:45:42","slug":"big-5-2024","status":"publish","type":"post","link":"https:\/\/www.faonline.it\/fr\/big-5-2024\/","title":{"rendered":"Big 5 Global 2024"},"content":{"rendered":"\n<section id=\"gma00f376\" class=\"wp-block-gutentor-m3 alignfull section-gma00f376 gutentor-module gutentor-container-cover margine-standard margine-top-hero-section\"><div class=\"grid-container gutentor-rm-ct-space-d\">\n<div class=\"wp-block-columns alignwide are-vertically-aligned-center margine-top-hero-section-azienda auto-margine is-layout-flex wp-container-core-columns-is-layout-8f761849 wp-block-columns-is-layout-flex\">\n<div class=\"wp-block-column is-vertically-aligned-center is-layout-flow wp-block-column-is-layout-flow\">\n<div style=\"height:250px\" aria-hidden=\"true\" class=\"wp-block-spacer spazio-vuoto-news-mobile\"><\/div>\n\n\n\n<div class=\"wp-block-getwid-icon-box button-back has-icon-left has-text-center\"><div style=\"margin-top:20px\" class=\"wp-block-getwid-icon-box__icon-container is-position-middle\"><a href=\"https:\/\/www.faonline.it\/\/fr\/news\/\" rel=\"\" class=\"wp-block-getwid-icon-box__icon-wrapper has-text-color\" style=\"font-size:30px;color:#6d6d6d\"><i class=\"far fa-arrow-alt-circle-left\"><\/i><\/a><\/div><div class=\"wp-block-getwid-icon-box__content\">\n<h3 class=\"wp-block-heading has-text-color\" style=\"color:#6d6d6d\">Arri\u00e8re<\/h3>\n<\/div><\/div>\n\n\n\n<section id=\"gm124b1e7\" class=\"wp-block-gutentor-m4 section-gm124b1e7 gutentor-module gutentor-advanced-columns\"><div class=\"grid-container\"><div class=\"grid-row\">\n<div id=\"col-gm67779d\" class=\"wp-block-gutentor-m4-col col-gm67779d gutentor-single-column  grid-lg-6 grid-md-12 grid-12\"><div id=\"section-gm67779d\" class=\"section-gm67779d gutentor-col-wrap\"><h2 style=\"color:#6d6d6d;font-size:54px\" class=\"wp-block-post-title has-text-color\">Big 5 Global 2024<\/h2><\/div><\/div>\n\n\n\n<div id=\"col-gmd668de\" class=\"wp-block-gutentor-m4-col col-gmd668de gutentor-single-column  grid-lg-6 grid-md-12 grid-12\"><div id=\"section-gmd668de\" class=\"section-gmd668de gutentor-col-wrap\"><div style=\"color:#adadad;font-size:30px\" class=\"has-text-align-right format-testo-normale testo-data-news-mobile wp-block-post-date has-text-color\"><time datetime=\"2024-11-21T16:09:59+01:00\">21 novembre 2024<\/time><\/div><\/div><\/div>\n<\/div><\/div><\/section>\n\n\n\n<section id=\"gma60b70b\" class=\"wp-block-gutentor-m4 section-gma60b70b gutentor-module gutentor-advanced-columns gutentor-equal-column-height\"><div class=\"grid-container\"><div class=\"grid-row\">\n<div id=\"col-gmf096bb\" class=\"wp-block-gutentor-m4-col col-gmf096bb gutentor-single-column  grid-lg-12 grid-md-12 grid-12 margine-standard\"><div id=\"section-gmf096bb\" class=\"section-gmf096bb gutentor-col-wrap\">\n<figure class=\"wp-block-image alignfull size-full margine-standard\"><img loading=\"lazy\" decoding=\"async\" width=\"966\" height=\"393\" src=\"https:\/\/www.faonline.it\/wp-content\/uploads\/2024\/11\/Volantino-BIG5-2024-per-banner.jpg\" alt=\"\" class=\"wp-image-5239\" srcset=\"https:\/\/www.faonline.it\/wp-content\/uploads\/2024\/11\/Volantino-BIG5-2024-per-banner.jpg 966w, https:\/\/www.faonline.it\/wp-content\/uploads\/2024\/11\/Volantino-BIG5-2024-per-banner-300x122.jpg 300w, https:\/\/www.faonline.it\/wp-content\/uploads\/2024\/11\/Volantino-BIG5-2024-per-banner-768x312.jpg 768w, https:\/\/www.faonline.it\/wp-content\/uploads\/2024\/11\/Volantino-BIG5-2024-per-banner-540x220.jpg 540w\" sizes=\"auto, (max-width: 966px) 100vw, 966px\" \/><\/figure>\n<\/div><\/div>\n<\/div><\/div><\/section>\n<\/div>\n<\/div>\n\n\n\n<div class=\"wp-block-columns are-vertically-aligned-center has-buttons-text-background-color has-background is-layout-flex wp-container-core-columns-is-layout-8f761849 wp-block-columns-is-layout-flex\">\n<div class=\"wp-block-column is-vertically-aligned-center is-layout-flow wp-block-column-is-layout-flow\">\n<section id=\"gm5cca6a3\" class=\"wp-block-gutentor-m4 section-gm5cca6a3 gutentor-module gutentor-advanced-columns\"><div class=\"grid-container\"><div class=\"grid-row\">\n<div id=\"col-gm01bb76\" class=\"wp-block-gutentor-m4-col col-gm01bb76 gutentor-single-column  grid-lg-12 grid-md-12 grid-12\"><div id=\"section-gm01bb76\" class=\"section-gm01bb76 gutentor-col-wrap\">\n<p class=\"has-text-align-left has-text-color wp-block-paragraph\" style=\"color:#1d1d1b;font-size:25px;font-style:normal;font-weight:300\">\u201cFalegnameria Adriatica au Big 5 Global de Duba\u00ef\u201d<\/p>\n\n\n\n<p class=\"has-text-align-left font-mobile-piccolo has-text-color wp-block-paragraph\" style=\"color:#6d6d6d;font-size:20px;font-style:normal;font-weight:300\">Falegnameria Adriatica, entreprise sp\u00e9cialis\u00e9e dans la production de meubles de salle de bain de haute qualit\u00e9, participera \u00e0 l\u2019\u00e9dition 2024 du prestigieux Big 5 de Duba\u00ef, le plus grand \u00e9v\u00e9nement international d\u00e9di\u00e9 aux secteurs de la construction et du design.<\/p>\n\n\n\n<p class=\"has-text-align-left has-text-color wp-block-paragraph\" style=\"color:#1d1d1b;font-size:25px;font-style:normal;font-weight:300\"><em>Retrouvez-nous du 26 au 29 novembre 2024, dans la Hall 6, Stand 6F266, pour d\u00e9couvrir nos solutions innovantes et l\u2019excellence du savoir-faire italien appliqu\u00e9 au design de meubles de salle de bain.<\/em><\/p>\n\n\n\n<p class=\"has-text-align-left font-mobile-piccolo has-text-color wp-block-paragraph\" style=\"color:#6d6d6d;font-size:20px;font-style:normal;font-weight:300\">Visitez le lien ci-dessous pour vous inscrire et obtenir vos billets pour l\u2019\u00e9v\u00e9nement: <a href=\"https:\/\/reg.big5global.com\/dmg_shop\/Big5Global_2024\/Shop?utm_source=marketing-manual&amp;utm_medium=exhibitor&amp;utm_campaign=Falegnameria+Adriatica+Srl\">https:\/\/reg.big5global.com\/dmg_shop\/Big5Global_2024\/Shop?utm_source=marketing-manual&amp;utm_medium=exhibitor&amp;utm_campaign=Falegnameria+Adriatica+Srl<\/a><\/p>\n\n\n\n<p class=\"has-text-align-left has-text-color wp-block-paragraph\" style=\"color:#1d1d1b;font-size:25px;font-style:normal;font-weight:300\"><em>Ne manquez pas cette occasion de transformer les salles de bain en espaces exclusifs et fonctionnels!<\/em><\/p>\n<\/div><\/div>\n<\/div><\/div><\/section>\n<\/div>\n<\/div>\n<\/div><\/section>\n\n\n\n<section id=\"gmce2307c\" class=\"wp-block-gutentor-m3 alignfull section-gmce2307c gutentor-module gutentor-container-cover has-color-bg has-custom-bg\"><div class=\"grid-container gutentor-rm-ct-space-d\">\n<div class=\"wp-block-columns margine-standard has-background-background-color has-background is-layout-flex wp-container-core-columns-is-layout-8f761849 wp-block-columns-is-layout-flex\">\n<div class=\"wp-block-column is-layout-flow wp-block-column-is-layout-flow\">\n<section id=\"gme0c35e3\" class=\"wp-block-gutentor-m4 section-gme0c35e3 gutentor-module gutentor-advanced-columns\"><div class=\"grid-container\"><div class=\"grid-row\">\n<div id=\"col-gm1c6073\" class=\"wp-block-gutentor-m4-col col-gm1c6073 gutentor-single-column  grid-lg-12 grid-md-12 grid-12\"><div id=\"section-gm1c6073\" class=\"section-gm1c6073 gutentor-col-wrap\">\n<h2 class=\"wp-block-heading has-text-align-center has-text-color\" style=\"color:#6d6d6d;font-size:25px\">Les derni\u00e8res nouvelles<\/h2>\n\n\n<section class=\"gutentor-post-module section-ac2c8074-b574-4232-952d-fad8f4cbd864 gutentor-post-module-p1 gutentor_p1_template1 wp-block-gutentor-p1 gutentor-blog-grid\" id=\"\" data-gbid=\"ac2c8074-b574-4232-952d-fad8f4cbd864\" >\n<div class='grid-container'><div class='grid-row' ><article class='gutentor-post  grid-lg-4 grid-md-4 grid-12'><div class='gutentor-post-item'><div class='gutentor-post-image-box'><div class=\"gutentor-image-thumb\"><img loading=\"lazy\" decoding=\"async\" width=\"900\" height=\"765\" src=\"https:\/\/www.faonline.it\/wp-content\/uploads\/2026\/06\/News-salone-copertina.jpg\" class=\"attachment-full size-full wp-post-image\" alt=\"\" srcset=\"https:\/\/www.faonline.it\/wp-content\/uploads\/2026\/06\/News-salone-copertina.jpg 900w, https:\/\/www.faonline.it\/wp-content\/uploads\/2026\/06\/News-salone-copertina-300x255.jpg 300w, https:\/\/www.faonline.it\/wp-content\/uploads\/2026\/06\/News-salone-copertina-768x653.jpg 768w, https:\/\/www.faonline.it\/wp-content\/uploads\/2026\/06\/News-salone-copertina-540x459.jpg 540w\" sizes=\"auto, (max-width: 900px) 100vw, 900px\" \/><\/div><\/div><div class=\"gutentor-post-title-data-wrap\"><h3 class=\"gutentor-post-title\"><a href=\"https:\/\/www.faonline.it\/fr\/salone-del-mobile-2026\/\" rel=\"bookmark\">Salone del Mobile 2026<\/a><\/h3><\/div><div class=\"gutentor-entry-meta gutentor-entry-meta-primary\"><div class=\"author vcard\"><i class=\"far fa-user\"><\/i><a href=\"https:\/\/www.faonline.it\/fr\/salone-del-mobile-2026\/\" rel=\"bookmark\">Pierpaolo<\/a><\/div><div class=\"posted-on\"><i class=\"far fa-calendar-alt\"><\/i><a href=\"https:\/\/www.faonline.it\/fr\/salone-del-mobile-2026\/\" rel=\"bookmark\">4 juin 2026<\/a><\/div><div class=\"gutentor-meta-categories\"><i class=\"fas fa-tags\"><\/i><a href=\"https:\/\/www.faonline.it\/fr\/category\/fiere-fr\/\" rel=\"category tag\">Foires<\/a><\/div><\/div><div class=\"gutentor-post-desc\">Nous avons pr\u00e9sent\u00e9 en avant-premi\u00e8re les nouvelles collections Onsen au Salone del Mobile Milano 20&hellip;<\/div><a class=\"gutentor-button gutentor-post-button gutentor-icon-after\"  href=\"https:\/\/www.faonline.it\/fr\/salone-del-mobile-2026\/\" href=\"https:\/\/www.faonline.it\/fr\/salone-del-mobile-2026\/\"><i class=\"gutentor-button-icon far fa-arrow-alt-circle-right\" ><\/i><span>Lisez<\/span><\/a><\/div><\/article><article class='gutentor-post  grid-lg-4 grid-md-4 grid-12'><div class='gutentor-post-item'><div class='gutentor-post-image-box'><div class=\"gutentor-image-thumb\"><img loading=\"lazy\" decoding=\"async\" width=\"900\" height=\"765\" src=\"https:\/\/www.faonline.it\/wp-content\/uploads\/2026\/06\/News-big5-2025-copertina.jpg\" class=\"attachment-full size-full wp-post-image\" alt=\"\" srcset=\"https:\/\/www.faonline.it\/wp-content\/uploads\/2026\/06\/News-big5-2025-copertina.jpg 900w, https:\/\/www.faonline.it\/wp-content\/uploads\/2026\/06\/News-big5-2025-copertina-300x255.jpg 300w, https:\/\/www.faonline.it\/wp-content\/uploads\/2026\/06\/News-big5-2025-copertina-768x653.jpg 768w, https:\/\/www.faonline.it\/wp-content\/uploads\/2026\/06\/News-big5-2025-copertina-540x459.jpg 540w\" sizes=\"auto, (max-width: 900px) 100vw, 900px\" \/><\/div><\/div><div class=\"gutentor-post-title-data-wrap\"><h3 class=\"gutentor-post-title\"><a href=\"https:\/\/www.faonline.it\/fr\/big-5-global-2025\/\" rel=\"bookmark\">Big 5 Global 2025<\/a><\/h3><\/div><div class=\"gutentor-entry-meta gutentor-entry-meta-primary\"><div class=\"author vcard\"><i class=\"far fa-user\"><\/i><a href=\"https:\/\/www.faonline.it\/fr\/big-5-global-2025\/\" rel=\"bookmark\">Pierpaolo<\/a><\/div><div class=\"posted-on\"><i class=\"far fa-calendar-alt\"><\/i><a href=\"https:\/\/www.faonline.it\/fr\/big-5-global-2025\/\" rel=\"bookmark\">4 juin 2026<\/a><\/div><div class=\"gutentor-meta-categories\"><i class=\"fas fa-tags\"><\/i><a href=\"https:\/\/www.faonline.it\/fr\/category\/fiere-fr\/\" rel=\"category tag\">Foires<\/a><\/div><\/div><div class=\"gutentor-post-desc\">Nous avons particip\u00e9 au Big 5 Dubai 2025 en pr\u00e9sentant les nouvelles collections Onsen&hellip;<\/div><a class=\"gutentor-button gutentor-post-button gutentor-icon-after\"  href=\"https:\/\/www.faonline.it\/fr\/big-5-global-2025\/\" href=\"https:\/\/www.faonline.it\/fr\/big-5-global-2025\/\"><i class=\"gutentor-button-icon far fa-arrow-alt-circle-right\" ><\/i><span>Lisez<\/span><\/a><\/div><\/article><article class='gutentor-post  grid-lg-4 grid-md-4 grid-12'><div class='gutentor-post-item'><div class='gutentor-post-image-box'><div class=\"gutentor-image-thumb\"><img loading=\"lazy\" decoding=\"async\" width=\"900\" height=\"765\" src=\"https:\/\/www.faonline.it\/wp-content\/uploads\/2025\/01\/Volantino-ISH-2025-per-anteprima.jpg\" class=\"attachment-full size-full wp-post-image\" alt=\"\" srcset=\"https:\/\/www.faonline.it\/wp-content\/uploads\/2025\/01\/Volantino-ISH-2025-per-anteprima.jpg 900w, https:\/\/www.faonline.it\/wp-content\/uploads\/2025\/01\/Volantino-ISH-2025-per-anteprima-300x255.jpg 300w, https:\/\/www.faonline.it\/wp-content\/uploads\/2025\/01\/Volantino-ISH-2025-per-anteprima-768x653.jpg 768w, https:\/\/www.faonline.it\/wp-content\/uploads\/2025\/01\/Volantino-ISH-2025-per-anteprima-540x459.jpg 540w\" sizes=\"auto, (max-width: 900px) 100vw, 900px\" \/><\/div><\/div><div class=\"gutentor-post-title-data-wrap\"><h3 class=\"gutentor-post-title\"><a href=\"https:\/\/www.faonline.it\/fr\/ish-2025\/\" rel=\"bookmark\">ISH 2025<\/a><\/h3><\/div><div class=\"gutentor-entry-meta gutentor-entry-meta-primary\"><div class=\"author vcard\"><i class=\"far fa-user\"><\/i><a href=\"https:\/\/www.faonline.it\/fr\/ish-2025\/\" rel=\"bookmark\">Pierpaolo<\/a><\/div><div class=\"posted-on\"><i class=\"far fa-calendar-alt\"><\/i><a href=\"https:\/\/www.faonline.it\/fr\/ish-2025\/\" rel=\"bookmark\">29 janvier 2025<\/a><\/div><div class=\"gutentor-meta-categories\"><i class=\"fas fa-tags\"><\/i><a href=\"https:\/\/www.faonline.it\/fr\/category\/fiere-fr\/\" rel=\"category tag\">Foires<\/a><\/div><\/div><div class=\"gutentor-post-desc\">Nous serons pr\u00e9sents \u00e0 l&rsquo;ISH \u00e0 Francfort-sur-le-Main du 17 au 21 mars au stand C57 Hall 5.1 avec de &hellip;<\/div><a class=\"gutentor-button gutentor-post-button gutentor-icon-after\"  href=\"https:\/\/www.faonline.it\/fr\/ish-2025\/\" href=\"https:\/\/www.faonline.it\/fr\/ish-2025\/\"><i class=\"gutentor-button-icon far fa-arrow-alt-circle-right\" ><\/i><span>Lisez<\/span><\/a><\/div><\/article><\/div><\/div><\/section><\/div><\/div>\n<\/div><\/div><\/section>\n<\/div>\n<\/div>\n<\/div><\/section>\n","protected":false},"excerpt":{"rendered":"<p>Nous serons du 26 au 29\/11 au Big 5 \u00e0 Duba\u00ef avec les nouvelles tendances Onsen en avant-premi\u00e8re au stand 6F266 Hall 6 <\/p>\n","protected":false},"author":2,"featured_media":5235,"comment_status":"closed","ping_status":"closed","sticky":false,"template":"","format":"standard","meta":{"footnotes":""},"categories":[8],"tags":[],"class_list":["post-5232","post","type-post","status-publish","format-standard","has-post-thumbnail","hentry","category-fiere-fr"],"gutentor_comment":0,"yoast_head":"<!-- This site is optimized with the Yoast SEO plugin v27.9 - https:\/\/yoast.com\/product\/yoast-seo-wordpress\/ -->\n<title>Big 5 Global 2024 - Falegnameria Adriatica<\/title>\n<meta name=\"robots\" content=\"index, follow, max-snippet:-1, max-image-preview:large, max-video-preview:-1\" \/>\n<link rel=\"canonical\" href=\"https:\/\/www.faonline.it\/fr\/big-5-2024\/\" \/>\n<meta property=\"og:locale\" content=\"fr_FR\" \/>\n<meta property=\"og:type\" content=\"article\" \/>\n<meta property=\"og:title\" content=\"Big 5 Global 2024 - Falegnameria Adriatica\" \/>\n<meta property=\"og:description\" content=\"Nous serons du 26 au 29\/11 au Big 5 \u00e0 Duba\u00ef avec les nouvelles tendances Onsen en avant-premi\u00e8re au stand 6F266 Hall 6\" \/>\n<meta property=\"og:url\" content=\"https:\/\/www.faonline.it\/fr\/big-5-2024\/\" \/>\n<meta property=\"og:site_name\" content=\"Falegnameria Adriatica\" \/>\n<meta property=\"article:published_time\" content=\"2024-11-21T15:09:59+00:00\" \/>\n<meta property=\"article:modified_time\" content=\"2024-11-21T16:45:42+00:00\" \/>\n<meta property=\"og:image\" content=\"https:\/\/www.faonline.it\/wp-content\/uploads\/2024\/11\/Volantino-BIG5-2024-per-anteprima.jpg\" \/>\n\t<meta property=\"og:image:width\" content=\"900\" \/>\n\t<meta property=\"og:image:height\" content=\"765\" \/>\n\t<meta property=\"og:image:type\" content=\"image\/jpeg\" \/>\n<meta name=\"author\" content=\"Pierpaolo\" \/>\n<meta name=\"twitter:card\" content=\"summary_large_image\" \/>\n<meta name=\"twitter:label1\" content=\"\u00c9crit par\" \/>\n\t<meta name=\"twitter:data1\" content=\"Pierpaolo\" \/>\n\t<meta name=\"twitter:label2\" content=\"Dur\u00e9e de lecture estim\u00e9e\" \/>\n\t<meta name=\"twitter:data2\" content=\"2 minutes\" \/>\n<script type=\"application\/ld+json\" class=\"yoast-schema-graph\">{\"@context\":\"https:\\\/\\\/schema.org\",\"@graph\":[{\"@type\":\"Article\",\"@id\":\"https:\\\/\\\/www.faonline.it\\\/fr\\\/big-5-2024\\\/#article\",\"isPartOf\":{\"@id\":\"https:\\\/\\\/www.faonline.it\\\/fr\\\/big-5-2024\\\/\"},\"author\":{\"name\":\"Pierpaolo\",\"@id\":\"https:\\\/\\\/www.faonline.it\\\/#\\\/schema\\\/person\\\/d64d64470d331b2f1dc6b96e2cba7d5d\"},\"headline\":\"Big 5 Global 2024\",\"datePublished\":\"2024-11-21T15:09:59+00:00\",\"dateModified\":\"2024-11-21T16:45:42+00:00\",\"mainEntityOfPage\":{\"@id\":\"https:\\\/\\\/www.faonline.it\\\/fr\\\/big-5-2024\\\/\"},\"wordCount\":141,\"publisher\":{\"@id\":\"https:\\\/\\\/www.faonline.it\\\/#organization\"},\"image\":{\"@id\":\"https:\\\/\\\/www.faonline.it\\\/fr\\\/big-5-2024\\\/#primaryimage\"},\"thumbnailUrl\":\"https:\\\/\\\/www.faonline.it\\\/wp-content\\\/uploads\\\/2024\\\/11\\\/Volantino-BIG5-2024-per-anteprima.jpg\",\"articleSection\":[\"Foires\"],\"inLanguage\":\"fr-FR\"},{\"@type\":\"WebPage\",\"@id\":\"https:\\\/\\\/www.faonline.it\\\/fr\\\/big-5-2024\\\/\",\"url\":\"https:\\\/\\\/www.faonline.it\\\/fr\\\/big-5-2024\\\/\",\"name\":\"Big 5 Global 2024 - Falegnameria Adriatica\",\"isPartOf\":{\"@id\":\"https:\\\/\\\/www.faonline.it\\\/#website\"},\"primaryImageOfPage\":{\"@id\":\"https:\\\/\\\/www.faonline.it\\\/fr\\\/big-5-2024\\\/#primaryimage\"},\"image\":{\"@id\":\"https:\\\/\\\/www.faonline.it\\\/fr\\\/big-5-2024\\\/#primaryimage\"},\"thumbnailUrl\":\"https:\\\/\\\/www.faonline.it\\\/wp-content\\\/uploads\\\/2024\\\/11\\\/Volantino-BIG5-2024-per-anteprima.jpg\",\"datePublished\":\"2024-11-21T15:09:59+00:00\",\"dateModified\":\"2024-11-21T16:45:42+00:00\",\"inLanguage\":\"fr-FR\",\"potentialAction\":[{\"@type\":\"ReadAction\",\"target\":[\"https:\\\/\\\/www.faonline.it\\\/fr\\\/big-5-2024\\\/\"]}]},{\"@type\":\"ImageObject\",\"inLanguage\":\"fr-FR\",\"@id\":\"https:\\\/\\\/www.faonline.it\\\/fr\\\/big-5-2024\\\/#primaryimage\",\"url\":\"https:\\\/\\\/www.faonline.it\\\/wp-content\\\/uploads\\\/2024\\\/11\\\/Volantino-BIG5-2024-per-anteprima.jpg\",\"contentUrl\":\"https:\\\/\\\/www.faonline.it\\\/wp-content\\\/uploads\\\/2024\\\/11\\\/Volantino-BIG5-2024-per-anteprima.jpg\",\"width\":900,\"height\":765},{\"@type\":\"WebSite\",\"@id\":\"https:\\\/\\\/www.faonline.it\\\/#website\",\"url\":\"https:\\\/\\\/www.faonline.it\\\/\",\"name\":\"Falegnameria Adriatica\",\"description\":\"Da 40 anni Falegnameria Adriatica \u00e8 protagonista nel realizzare mobili e complementi da bagno coniugando, come nella migliore tradizione italiana, funzionalit\u00e0 e design.\",\"publisher\":{\"@id\":\"https:\\\/\\\/www.faonline.it\\\/#organization\"},\"potentialAction\":[{\"@type\":\"SearchAction\",\"target\":{\"@type\":\"EntryPoint\",\"urlTemplate\":\"https:\\\/\\\/www.faonline.it\\\/?s={search_term_string}\"},\"query-input\":{\"@type\":\"PropertyValueSpecification\",\"valueRequired\":true,\"valueName\":\"search_term_string\"}}],\"inLanguage\":\"fr-FR\"},{\"@type\":\"Organization\",\"@id\":\"https:\\\/\\\/www.faonline.it\\\/#organization\",\"name\":\"Falegnameria Adriatica\",\"url\":\"https:\\\/\\\/www.faonline.it\\\/\",\"logo\":{\"@type\":\"ImageObject\",\"inLanguage\":\"fr-FR\",\"@id\":\"https:\\\/\\\/www.faonline.it\\\/#\\\/schema\\\/logo\\\/image\\\/\",\"url\":\"https:\\\/\\\/www.faonline.it\\\/wp-content\\\/uploads\\\/2023\\\/07\\\/falegnameria-adriatica.png\",\"contentUrl\":\"https:\\\/\\\/www.faonline.it\\\/wp-content\\\/uploads\\\/2023\\\/07\\\/falegnameria-adriatica.png\",\"width\":133,\"height\":111,\"caption\":\"Falegnameria Adriatica\"},\"image\":{\"@id\":\"https:\\\/\\\/www.faonline.it\\\/#\\\/schema\\\/logo\\\/image\\\/\"}},{\"@type\":\"Person\",\"@id\":\"https:\\\/\\\/www.faonline.it\\\/#\\\/schema\\\/person\\\/d64d64470d331b2f1dc6b96e2cba7d5d\",\"name\":\"Pierpaolo\",\"image\":{\"@type\":\"ImageObject\",\"inLanguage\":\"fr-FR\",\"@id\":\"https:\\\/\\\/secure.gravatar.com\\\/avatar\\\/f2b7d7e3e6d64909e9534d6745de4d58ff67b56a8112fc5cade3313d76fd511a?s=96&d=mm&r=g\",\"url\":\"https:\\\/\\\/secure.gravatar.com\\\/avatar\\\/f2b7d7e3e6d64909e9534d6745de4d58ff67b56a8112fc5cade3313d76fd511a?s=96&d=mm&r=g\",\"contentUrl\":\"https:\\\/\\\/secure.gravatar.com\\\/avatar\\\/f2b7d7e3e6d64909e9534d6745de4d58ff67b56a8112fc5cade3313d76fd511a?s=96&d=mm&r=g\",\"caption\":\"Pierpaolo\"},\"url\":\"https:\\\/\\\/www.faonline.it\\\/fr\\\/author\\\/pierpaolo_onsen\\\/\"}]}<\/script>\n<!-- \/ Yoast SEO plugin. -->","yoast_head_json":{"title":"Big 5 Global 2024 - Falegnameria Adriatica","robots":{"index":"index","follow":"follow","max-snippet":"max-snippet:-1","max-image-preview":"max-image-preview:large","max-video-preview":"max-video-preview:-1"},"canonical":"https:\/\/www.faonline.it\/fr\/big-5-2024\/","og_locale":"fr_FR","og_type":"article","og_title":"Big 5 Global 2024 - Falegnameria Adriatica","og_description":"Nous serons du 26 au 29\/11 au Big 5 \u00e0 Duba\u00ef avec les nouvelles tendances Onsen en avant-premi\u00e8re au stand 6F266 Hall 6","og_url":"https:\/\/www.faonline.it\/fr\/big-5-2024\/","og_site_name":"Falegnameria Adriatica","article_published_time":"2024-11-21T15:09:59+00:00","article_modified_time":"2024-11-21T16:45:42+00:00","og_image":[{"width":900,"height":765,"url":"https:\/\/www.faonline.it\/wp-content\/uploads\/2024\/11\/Volantino-BIG5-2024-per-anteprima.jpg","type":"image\/jpeg"}],"author":"Pierpaolo","twitter_card":"summary_large_image","twitter_misc":{"\u00c9crit par":"Pierpaolo","Dur\u00e9e de lecture estim\u00e9e":"2 minutes"},"schema":{"@context":"https:\/\/schema.org","@graph":[{"@type":"Article","@id":"https:\/\/www.faonline.it\/fr\/big-5-2024\/#article","isPartOf":{"@id":"https:\/\/www.faonline.it\/fr\/big-5-2024\/"},"author":{"name":"Pierpaolo","@id":"https:\/\/www.faonline.it\/#\/schema\/person\/d64d64470d331b2f1dc6b96e2cba7d5d"},"headline":"Big 5 Global 2024","datePublished":"2024-11-21T15:09:59+00:00","dateModified":"2024-11-21T16:45:42+00:00","mainEntityOfPage":{"@id":"https:\/\/www.faonline.it\/fr\/big-5-2024\/"},"wordCount":141,"publisher":{"@id":"https:\/\/www.faonline.it\/#organization"},"image":{"@id":"https:\/\/www.faonline.it\/fr\/big-5-2024\/#primaryimage"},"thumbnailUrl":"https:\/\/www.faonline.it\/wp-content\/uploads\/2024\/11\/Volantino-BIG5-2024-per-anteprima.jpg","articleSection":["Foires"],"inLanguage":"fr-FR"},{"@type":"WebPage","@id":"https:\/\/www.faonline.it\/fr\/big-5-2024\/","url":"https:\/\/www.faonline.it\/fr\/big-5-2024\/","name":"Big 5 Global 2024 - Falegnameria Adriatica","isPartOf":{"@id":"https:\/\/www.faonline.it\/#website"},"primaryImageOfPage":{"@id":"https:\/\/www.faonline.it\/fr\/big-5-2024\/#primaryimage"},"image":{"@id":"https:\/\/www.faonline.it\/fr\/big-5-2024\/#primaryimage"},"thumbnailUrl":"https:\/\/www.faonline.it\/wp-content\/uploads\/2024\/11\/Volantino-BIG5-2024-per-anteprima.jpg","datePublished":"2024-11-21T15:09:59+00:00","dateModified":"2024-11-21T16:45:42+00:00","inLanguage":"fr-FR","potentialAction":[{"@type":"ReadAction","target":["https:\/\/www.faonline.it\/fr\/big-5-2024\/"]}]},{"@type":"ImageObject","inLanguage":"fr-FR","@id":"https:\/\/www.faonline.it\/fr\/big-5-2024\/#primaryimage","url":"https:\/\/www.faonline.it\/wp-content\/uploads\/2024\/11\/Volantino-BIG5-2024-per-anteprima.jpg","contentUrl":"https:\/\/www.faonline.it\/wp-content\/uploads\/2024\/11\/Volantino-BIG5-2024-per-anteprima.jpg","width":900,"height":765},{"@type":"WebSite","@id":"https:\/\/www.faonline.it\/#website","url":"https:\/\/www.faonline.it\/","name":"Falegnameria Adriatica","description":"Da 40 anni Falegnameria Adriatica \u00e8 protagonista nel realizzare mobili e complementi da bagno coniugando, come nella migliore tradizione italiana, funzionalit\u00e0 e design.","publisher":{"@id":"https:\/\/www.faonline.it\/#organization"},"potentialAction":[{"@type":"SearchAction","target":{"@type":"EntryPoint","urlTemplate":"https:\/\/www.faonline.it\/?s={search_term_string}"},"query-input":{"@type":"PropertyValueSpecification","valueRequired":true,"valueName":"search_term_string"}}],"inLanguage":"fr-FR"},{"@type":"Organization","@id":"https:\/\/www.faonline.it\/#organization","name":"Falegnameria Adriatica","url":"https:\/\/www.faonline.it\/","logo":{"@type":"ImageObject","inLanguage":"fr-FR","@id":"https:\/\/www.faonline.it\/#\/schema\/logo\/image\/","url":"https:\/\/www.faonline.it\/wp-content\/uploads\/2023\/07\/falegnameria-adriatica.png","contentUrl":"https:\/\/www.faonline.it\/wp-content\/uploads\/2023\/07\/falegnameria-adriatica.png","width":133,"height":111,"caption":"Falegnameria Adriatica"},"image":{"@id":"https:\/\/www.faonline.it\/#\/schema\/logo\/image\/"}},{"@type":"Person","@id":"https:\/\/www.faonline.it\/#\/schema\/person\/d64d64470d331b2f1dc6b96e2cba7d5d","name":"Pierpaolo","image":{"@type":"ImageObject","inLanguage":"fr-FR","@id":"https:\/\/secure.gravatar.com\/avatar\/f2b7d7e3e6d64909e9534d6745de4d58ff67b56a8112fc5cade3313d76fd511a?s=96&d=mm&r=g","url":"https:\/\/secure.gravatar.com\/avatar\/f2b7d7e3e6d64909e9534d6745de4d58ff67b56a8112fc5cade3313d76fd511a?s=96&d=mm&r=g","contentUrl":"https:\/\/secure.gravatar.com\/avatar\/f2b7d7e3e6d64909e9534d6745de4d58ff67b56a8112fc5cade3313d76fd511a?s=96&d=mm&r=g","caption":"Pierpaolo"},"url":"https:\/\/www.faonline.it\/fr\/author\/pierpaolo_onsen\/"}]}},"featured_image_src":"https:\/\/www.faonline.it\/wp-content\/uploads\/2024\/11\/Volantino-BIG5-2024-per-anteprima.jpg","featured_image_src_square":"https:\/\/www.faonline.it\/wp-content\/uploads\/2024\/11\/Volantino-BIG5-2024-per-anteprima.jpg","author_info":{"display_name":"Pierpaolo","author_link":"https:\/\/www.faonline.it\/fr\/author\/pierpaolo_onsen\/"},"rbea_author_info":{"display_name":"Pierpaolo","author_link":"https:\/\/www.faonline.it\/fr\/author\/pierpaolo_onsen\/"},"rbea_excerpt_info":"Nous serons du 26 au 29\/11 au Big 5 \u00e0 Duba\u00ef avec les nouvelles tendances Onsen en avant-premi\u00e8re au stand 6F266 Hall 6 ","category_list":"<a href=\"https:\/\/www.faonline.it\/fr\/category\/fiere-fr\/\" rel=\"category tag\">Foires<\/a>","comments_num":"0 comments","_links":{"self":[{"href":"https:\/\/www.faonline.it\/fr\/wp-json\/wp\/v2\/posts\/5232","targetHints":{"allow":["GET"]}}],"collection":[{"href":"https:\/\/www.faonline.it\/fr\/wp-json\/wp\/v2\/posts"}],"about":[{"href":"https:\/\/www.faonline.it\/fr\/wp-json\/wp\/v2\/types\/post"}],"author":[{"embeddable":true,"href":"https:\/\/www.faonline.it\/fr\/wp-json\/wp\/v2\/users\/2"}],"replies":[{"embeddable":true,"href":"https:\/\/www.faonline.it\/fr\/wp-json\/wp\/v2\/comments?post=5232"}],"version-history":[{"count":7,"href":"https:\/\/www.faonline.it\/fr\/wp-json\/wp\/v2\/posts\/5232\/revisions"}],"predecessor-version":[{"id":5265,"href":"https:\/\/www.faonline.it\/fr\/wp-json\/wp\/v2\/posts\/5232\/revisions\/5265"}],"wp:featuredmedia":[{"embeddable":true,"href":"https:\/\/www.faonline.it\/fr\/wp-json\/wp\/v2\/media\/5235"}],"wp:attachment":[{"href":"https:\/\/www.faonline.it\/fr\/wp-json\/wp\/v2\/media?parent=5232"}],"wp:term":[{"taxonomy":"category","embeddable":true,"href":"https:\/\/www.faonline.it\/fr\/wp-json\/wp\/v2\/categories?post=5232"},{"taxonomy":"post_tag","embeddable":true,"href":"https:\/\/www.faonline.it\/fr\/wp-json\/wp\/v2\/tags?post=5232"}],"curies":[{"name":"wp","href":"https:\/\/api.w.org\/{rel}","templated":true}]}}